{"id":33340,"date":"2025-01-27T11:12:20","date_gmt":"2025-01-27T14:12:20","guid":{"rendered":"https:\/\/radiostudiow.com.br\/site\/?p=33340"},"modified":"2025-01-27T11:48:57","modified_gmt":"2025-01-27T14:48:57","slug":"mulher-e-detida-apos-ser-flagrada-furtando-alimentos-em-supermercado-de-uniao-da-vitoria","status":"publish","type":"post","link":"https:\/\/radiostudiow.com.br\/site\/2025\/01\/27\/mulher-e-detida-apos-ser-flagrada-furtando-alimentos-em-supermercado-de-uniao-da-vitoria\/","title":{"rendered":"Mulher \u00e9 detida ap\u00f3s ser flagrada furtando alimentos em supermercado de Uni\u00e3o da Vit\u00f3ria"},"content":{"rendered":"\n<p><\/p>\n\n\n\n<figure class=\"wp-block-image size-full\"><img decoding=\"async\" src=\"https:\/\/radiostudiow.com.br\/site\/wp-content\/uploads\/2024\/01\/SITE-GRANDE.png\" alt=\"\" class=\"wp-image-18949\"\/><\/figure>\n\n\n\n<p><\/p>\n\n\n\n<p style=\"font-size:21px\">Na manh\u00e3 deste domingo (26), por volta das 9h30, uma mulher foi detida sob acusa\u00e7\u00e3o de furto em um supermercado localizado no bairro Rocio, em Uni\u00e3o da Vit\u00f3ria. A ocorr\u00eancia foi atendida por uma equipe policial ap\u00f3s acionamento do estabelecimento.<\/p>\n\n\n\n<p style=\"font-size:21px\">De acordo com o relato da funcion\u00e1ria que acionou as autoridades, a suspeita foi abordada dentro do supermercado enquanto carregava diversos produtos aliment\u00edcios em sua bolsa, que n\u00e3o haviam sido pagos. A a\u00e7\u00e3o foi registrada pelas c\u00e2meras de seguran\u00e7a do local, confirmando o ocorrido.<\/p>\n\n\n\n<p style=\"font-size:21px\">No local, a equipe policial identificou a mulher, que admitiu ter furtado os itens. Diante dos fatos, ela recebeu voz de pris\u00e3o e foi informada sobre seus direitos constitucionais, incluindo o de permanecer em sil\u00eancio. Em seguida, foi conduzida \u00e0 4\u00aa Subdivis\u00e3o Policial de Uni\u00e3o da Vit\u00f3ria, onde o caso ser\u00e1 analisado pela Pol\u00edcia Judici\u00e1ria.<\/p>\n\n\n\n<p><\/p>\n\n\n\n<figure class=\"wp-block-image size-large\"><img decoding=\"async\" src=\"https:\/\/radiostudiow.com.br\/site\/wp-content\/uploads\/2025\/01\/anigif_medio_ok-1024x213.gif\" alt=\"\" class=\"wp-image-32977\"\/><\/figure>\n","protected":false},"excerpt":{"rendered":"<p>Na manh\u00e3 deste domingo (26), por volta das 9h30, uma mulher foi detida sob acusa\u00e7\u00e3o de furto em um supermercado localizado no bairro Rocio, em Uni\u00e3o da Vit\u00f3ria. A ocorr\u00eancia foi atendida por uma equipe policial ap\u00f3s acionamento do estabelecimento. De acordo com o relato da funcion\u00e1ria que acionou as autoridades, a suspeita foi abordada [&hellip;]<\/p>\n","protected":false},"author":2,"featured_media":13676,"comment_status":"open","ping_status":"open","sticky":false,"template":"","format":"standard","meta":{"footnotes":""},"categories":[7],"tags":[],"class_list":["post-33340","post","type-post","status-publish","format-standard","has-post-thumbnail","hentry","category-geral"],"amp_enabled":true,"_links":{"self":[{"href":"https:\/\/radiostudiow.com.br\/site\/wp-json\/wp\/v2\/posts\/33340","targetHints":{"allow":["GET"]}}],"collection":[{"href":"https:\/\/radiostudiow.com.br\/site\/wp-json\/wp\/v2\/posts"}],"about":[{"href":"https:\/\/radiostudiow.com.br\/site\/wp-json\/wp\/v2\/types\/post"}],"author":[{"embeddable":true,"href":"https:\/\/radiostudiow.com.br\/site\/wp-json\/wp\/v2\/users\/2"}],"replies":[{"embeddable":true,"href":"https:\/\/radiostudiow.com.br\/site\/wp-json\/wp\/v2\/comments?post=33340"}],"version-history":[{"count":3,"href":"https:\/\/radiostudiow.com.br\/site\/wp-json\/wp\/v2\/posts\/33340\/revisions"}],"predecessor-version":[{"id":33352,"href":"https:\/\/radiostudiow.com.br\/site\/wp-json\/wp\/v2\/posts\/33340\/revisions\/33352"}],"wp:featuredmedia":[{"embeddable":true,"href":"https:\/\/radiostudiow.com.br\/site\/wp-json\/wp\/v2\/media\/13676"}],"wp:attachment":[{"href":"https:\/\/radiostudiow.com.br\/site\/wp-json\/wp\/v2\/media?parent=33340"}],"wp:term":[{"taxonomy":"category","embeddable":true,"href":"https:\/\/radiostudiow.com.br\/site\/wp-json\/wp\/v2\/categories?post=33340"},{"taxonomy":"post_tag","embeddable":true,"href":"https:\/\/radiostudiow.com.br\/site\/wp-json\/wp\/v2\/tags?post=33340"}],"curies":[{"name":"wp","href":"https:\/\/api.w.org\/{rel}","templated":true}]}}