{"id":3335,"date":"2021-08-21T10:31:27","date_gmt":"2021-08-21T13:31:27","guid":{"rendered":"https:\/\/radiostudiow.com.br\/site\/?p=3335"},"modified":"2025-01-31T15:12:30","modified_gmt":"2025-01-31T18:12:30","slug":"policia-civil-de-mallet-apreendeu-5-armas-de-fogo","status":"publish","type":"post","link":"https:\/\/radiostudiow.com.br\/site\/2021\/08\/21\/policia-civil-de-mallet-apreendeu-5-armas-de-fogo\/","title":{"rendered":"Pol\u00edcia Civil de Mallet apreendeu 5 armas de fogo"},"content":{"rendered":"\n<p>Durante a manh\u00e3 dessa sexta-feira, 20 de agosto, a equipe da Pol\u00edcia Civil cumpriu mandado de busca e apreens\u00e3o expedido pela Vara Criminal de Mallet.<\/p>\n\n\n\n<p>A a\u00e7\u00e3o policial, apreendeu cinco armas em uma resid\u00eancia no interior de Paulo Frontin.<\/p>\n\n\n\n<figure class=\"wp-block-image size-full\"><img decoding=\"async\" src=\"https:\/\/radiostudiow.com.br\/site\/wp-content\/uploads\/2021\/08\/BAHNIUK.jpg\" alt=\"\" class=\"wp-image-3191\"\/><\/figure>\n","protected":false},"excerpt":{"rendered":"<p>Durante a manh\u00e3 dessa sexta-feira, 20 de agosto, a equipe da Pol\u00edcia Civil cumpriu mandado de busca e apreens\u00e3o expedido pela Vara Criminal de Mallet. A a\u00e7\u00e3o policial, apreendeu cinco armas em uma resid\u00eancia no interior de Paulo Frontin.<\/p>\n","protected":false},"author":2,"featured_media":3336,"comment_status":"open","ping_status":"open","sticky":false,"template":"","format":"standard","meta":{"footnotes":""},"categories":[2],"tags":[172],"class_list":["post-3335","post","type-post","status-publish","format-standard","has-post-thumbnail","hentry","category-policial","tag-featured"],"amp_enabled":true,"_links":{"self":[{"href":"https:\/\/radiostudiow.com.br\/site\/wp-json\/wp\/v2\/posts\/3335","targetHints":{"allow":["GET"]}}],"collection":[{"href":"https:\/\/radiostudiow.com.br\/site\/wp-json\/wp\/v2\/posts"}],"about":[{"href":"https:\/\/radiostudiow.com.br\/site\/wp-json\/wp\/v2\/types\/post"}],"author":[{"embeddable":true,"href":"https:\/\/radiostudiow.com.br\/site\/wp-json\/wp\/v2\/users\/2"}],"replies":[{"embeddable":true,"href":"https:\/\/radiostudiow.com.br\/site\/wp-json\/wp\/v2\/comments?post=3335"}],"version-history":[{"count":1,"href":"https:\/\/radiostudiow.com.br\/site\/wp-json\/wp\/v2\/posts\/3335\/revisions"}],"predecessor-version":[{"id":3337,"href":"https:\/\/radiostudiow.com.br\/site\/wp-json\/wp\/v2\/posts\/3335\/revisions\/3337"}],"wp:featuredmedia":[{"embeddable":true,"href":"https:\/\/radiostudiow.com.br\/site\/wp-json\/wp\/v2\/media\/3336"}],"wp:attachment":[{"href":"https:\/\/radiostudiow.com.br\/site\/wp-json\/wp\/v2\/media?parent=3335"}],"wp:term":[{"taxonomy":"category","embeddable":true,"href":"https:\/\/radiostudiow.com.br\/site\/wp-json\/wp\/v2\/categories?post=3335"},{"taxonomy":"post_tag","embeddable":true,"href":"https:\/\/radiostudiow.com.br\/site\/wp-json\/wp\/v2\/tags?post=3335"}],"curies":[{"name":"wp","href":"https:\/\/api.w.org\/{rel}","templated":true}]}}