{"id":33353,"date":"2025-01-27T14:08:00","date_gmt":"2025-01-27T17:08:00","guid":{"rendered":"https:\/\/radiostudiow.com.br\/site\/?p=33353"},"modified":"2025-01-27T21:23:43","modified_gmt":"2025-01-28T00:23:43","slug":"mandado-de-busca-em-general-carneiro-resulta-na-apreensao-de-armas-e-municoes","status":"publish","type":"post","link":"https:\/\/radiostudiow.com.br\/site\/2025\/01\/27\/mandado-de-busca-em-general-carneiro-resulta-na-apreensao-de-armas-e-municoes\/","title":{"rendered":"Mandado de busca em General Carneiro resulta na apreens\u00e3o de armas e muni\u00e7\u00f5es"},"content":{"rendered":"\n<p><\/p>\n\n\n\n<figure class=\"wp-block-image size-full\"><img loading=\"lazy\" decoding=\"async\" width=\"897\" height=\"204\" src=\"https:\/\/radiostudiow.com.br\/site\/wp-content\/uploads\/2025\/01\/SITE-GRANDE3.png\" alt=\"\" class=\"wp-image-32900\" srcset=\"https:\/\/radiostudiow.com.br\/site\/wp-content\/uploads\/2025\/01\/SITE-GRANDE3.png 897w, https:\/\/radiostudiow.com.br\/site\/wp-content\/uploads\/2025\/01\/SITE-GRANDE3-300x68.png 300w, https:\/\/radiostudiow.com.br\/site\/wp-content\/uploads\/2025\/01\/SITE-GRANDE3-768x175.png 768w\" sizes=\"auto, (max-width: 897px) 100vw, 897px\" \/><\/figure>\n\n\n\n<p><\/p>\n\n\n\n<p>Na manh\u00e3 deste s\u00e1bado (25), por volta das 9h, a equipe policial de General Carneiro deu cumprimento a um mandado de busca e apreens\u00e3o em uma resid\u00eancia localizada no bairro S\u00e3o Jo\u00e3o. Durante a a\u00e7\u00e3o, foram encontrados diversos itens de interesse investigativo.<\/p>\n\n\n\n<p>No local, os policiais identificaram os moradores e iniciaram as buscas. Entre os materiais apreendidos estavam duas espingardas de press\u00e3o e uma terceira desmontada. Al\u00e9m disso, foram encontrados uma luneta, um simulacro de pistola e dois estojos de muni\u00e7\u00f5es deflagradas \u2013 sendo um de calibre .22 e outro de calibre .38. A equipe tamb\u00e9m localizou um recipiente contendo uma certa quantidade de p\u00f3lvora.<\/p>\n\n\n\n<p>Todos os objetos foram recolhidos e encaminhados para a continuidade das investiga\u00e7\u00f5es em curso.<\/p>\n\n\n\n<p><\/p>\n\n\n\n<figure class=\"wp-block-gallery has-nested-images columns-default is-cropped wp-block-gallery-1 is-layout-flex wp-block-gallery-is-layout-flex\">\n<figure class=\"wp-block-image size-large\"><img loading=\"lazy\" decoding=\"async\" width=\"300\" height=\"180\" data-id=\"32894\" src=\"https:\/\/radiostudiow.com.br\/site\/wp-content\/uploads\/2025\/01\/SITE-PEQUENO2.png\" alt=\"\" class=\"wp-image-32894\"\/><\/figure>\n\n\n\n<figure class=\"wp-block-image size-large\"><img loading=\"lazy\" decoding=\"async\" width=\"300\" height=\"180\" data-id=\"32851\" src=\"https:\/\/radiostudiow.com.br\/site\/wp-content\/uploads\/2025\/01\/SITE-PEQUENO3.png\" alt=\"\" class=\"wp-image-32851\"\/><\/figure>\n\n\n\n<figure class=\"wp-block-image size-large\"><img loading=\"lazy\" decoding=\"async\" width=\"300\" height=\"180\" data-id=\"32833\" src=\"https:\/\/radiostudiow.com.br\/site\/wp-content\/uploads\/2025\/01\/SITE-PEQUENO.png\" alt=\"\" class=\"wp-image-32833\"\/><\/figure>\n<\/figure>\n","protected":false},"excerpt":{"rendered":"<p>Na manh\u00e3 deste s\u00e1bado (25), por volta das 9h, a equipe policial de General Carneiro deu cumprimento a um mandado de busca e apreens\u00e3o em uma resid\u00eancia localizada no bairro S\u00e3o Jo\u00e3o. Durante a a\u00e7\u00e3o, foram encontrados diversos itens de interesse investigativo. No local, os policiais identificaram os moradores e iniciaram as buscas. Entre os [&hellip;]<\/p>\n","protected":false},"author":2,"featured_media":33354,"comment_status":"open","ping_status":"open","sticky":false,"template":"","format":"standard","meta":{"footnotes":""},"categories":[2,185],"tags":[172],"class_list":["post-33353","post","type-post","status-publish","format-standard","has-post-thumbnail","hentry","category-policial","category-regional","tag-featured"],"amp_enabled":true,"_links":{"self":[{"href":"https:\/\/radiostudiow.com.br\/site\/wp-json\/wp\/v2\/posts\/33353","targetHints":{"allow":["GET"]}}],"collection":[{"href":"https:\/\/radiostudiow.com.br\/site\/wp-json\/wp\/v2\/posts"}],"about":[{"href":"https:\/\/radiostudiow.com.br\/site\/wp-json\/wp\/v2\/types\/post"}],"author":[{"embeddable":true,"href":"https:\/\/radiostudiow.com.br\/site\/wp-json\/wp\/v2\/users\/2"}],"replies":[{"embeddable":true,"href":"https:\/\/radiostudiow.com.br\/site\/wp-json\/wp\/v2\/comments?post=33353"}],"version-history":[{"count":1,"href":"https:\/\/radiostudiow.com.br\/site\/wp-json\/wp\/v2\/posts\/33353\/revisions"}],"predecessor-version":[{"id":33355,"href":"https:\/\/radiostudiow.com.br\/site\/wp-json\/wp\/v2\/posts\/33353\/revisions\/33355"}],"wp:featuredmedia":[{"embeddable":true,"href":"https:\/\/radiostudiow.com.br\/site\/wp-json\/wp\/v2\/media\/33354"}],"wp:attachment":[{"href":"https:\/\/radiostudiow.com.br\/site\/wp-json\/wp\/v2\/media?parent=33353"}],"wp:term":[{"taxonomy":"category","embeddable":true,"href":"https:\/\/radiostudiow.com.br\/site\/wp-json\/wp\/v2\/categories?post=33353"},{"taxonomy":"post_tag","embeddable":true,"href":"https:\/\/radiostudiow.com.br\/site\/wp-json\/wp\/v2\/tags?post=33353"}],"curies":[{"name":"wp","href":"https:\/\/api.w.org\/{rel}","templated":true}]}}