{"id":33357,"date":"2025-01-27T15:27:44","date_gmt":"2025-01-27T18:27:44","guid":{"rendered":"https:\/\/radiostudiow.com.br\/site\/?p=33357"},"modified":"2025-01-27T15:38:33","modified_gmt":"2025-01-27T18:38:33","slug":"confusao-em-posto-de-combustivel-mobiliza-policia-em-uniao-da-vitoria","status":"publish","type":"post","link":"https:\/\/radiostudiow.com.br\/site\/2025\/01\/27\/confusao-em-posto-de-combustivel-mobiliza-policia-em-uniao-da-vitoria\/","title":{"rendered":"Confus\u00e3o em Posto de Combust\u00edvel Mobiliza Pol\u00edcia em Uni\u00e3o da Vit\u00f3ria"},"content":{"rendered":"\n<p><\/p>\n\n\n\n<figure class=\"wp-block-image size-full\"><img decoding=\"async\" src=\"https:\/\/radiostudiow.com.br\/site\/wp-content\/uploads\/2024\/01\/SITE-GRANDE.png\" alt=\"\" class=\"wp-image-18949\"\/><\/figure>\n\n\n\n<p><\/p>\n\n\n\n<p style=\"font-size:21px\">Na manh\u00e3 deste domingo (26), por volta das 9h38, a equipe policial foi acionada para atender uma den\u00fancia de rixa em um posto de combust\u00edvel localizado na rodovia BR-153.<\/p>\n\n\n\n<p style=\"font-size:21px\">De acordo com os funcion\u00e1rios do estabelecimento, um grupo de aproximadamente 15 pessoas, que estava em uma van branca, causou confus\u00f5es e teria agredido os trabalhadores do local. Ap\u00f3s o tumulto, os envolvidos deixaram o posto, seguindo pela rodovia.<\/p>\n\n\n\n<p style=\"font-size:21px\">A van suspeita foi interceptada pela pol\u00edcia no munic\u00edpio de Paula Freitas. Durante as abordagens, buscas pessoais e no ve\u00edculo foram realizadas, mas nenhum material il\u00edcito foi encontrado.<\/p>\n\n\n\n<p style=\"font-size:21px\">Os funcion\u00e1rios do posto, apontados como v\u00edtimas na situa\u00e7\u00e3o, optaram por n\u00e3o representar criminalmente contra o grupo. Diante disso, todos os indiv\u00edduos foram identificados, orientados e liberados pelas autoridades.<\/p>\n\n\n\n<p><\/p>\n\n\n\n<figure class=\"wp-block-video\"><video controls src=\"https:\/\/radiostudiow.com.br\/site\/wp-content\/uploads\/2025\/01\/posto.mp4\"><\/video><\/figure>\n\n\n\n<p><\/p>\n\n\n\n<figure class=\"wp-block-image size-full\"><img loading=\"lazy\" decoding=\"async\" width=\"598\" height=\"204\" src=\"https:\/\/radiostudiow.com.br\/site\/wp-content\/uploads\/2025\/01\/SITE-MEDIO2.png\" alt=\"\" class=\"wp-image-32844\" srcset=\"https:\/\/radiostudiow.com.br\/site\/wp-content\/uploads\/2025\/01\/SITE-MEDIO2.png 598w, https:\/\/radiostudiow.com.br\/site\/wp-content\/uploads\/2025\/01\/SITE-MEDIO2-300x102.png 300w\" sizes=\"auto, (max-width: 598px) 100vw, 598px\" \/><\/figure>\n","protected":false},"excerpt":{"rendered":"<p>Na manh\u00e3 deste domingo (26), por volta das 9h38, a equipe policial foi acionada para atender uma den\u00fancia de rixa em um posto de combust\u00edvel localizado na rodovia BR-153. De acordo com os funcion\u00e1rios do estabelecimento, um grupo de aproximadamente 15 pessoas, que estava em uma van branca, causou confus\u00f5es e teria agredido os trabalhadores [&hellip;]<\/p>\n","protected":false},"author":2,"featured_media":33368,"comment_status":"open","ping_status":"open","sticky":false,"template":"","format":"standard","meta":{"footnotes":""},"categories":[2,185],"tags":[172],"class_list":["post-33357","post","type-post","status-publish","format-standard","has-post-thumbnail","hentry","category-policial","category-regional","tag-featured"],"amp_enabled":true,"_links":{"self":[{"href":"https:\/\/radiostudiow.com.br\/site\/wp-json\/wp\/v2\/posts\/33357","targetHints":{"allow":["GET"]}}],"collection":[{"href":"https:\/\/radiostudiow.com.br\/site\/wp-json\/wp\/v2\/posts"}],"about":[{"href":"https:\/\/radiostudiow.com.br\/site\/wp-json\/wp\/v2\/types\/post"}],"author":[{"embeddable":true,"href":"https:\/\/radiostudiow.com.br\/site\/wp-json\/wp\/v2\/users\/2"}],"replies":[{"embeddable":true,"href":"https:\/\/radiostudiow.com.br\/site\/wp-json\/wp\/v2\/comments?post=33357"}],"version-history":[{"count":3,"href":"https:\/\/radiostudiow.com.br\/site\/wp-json\/wp\/v2\/posts\/33357\/revisions"}],"predecessor-version":[{"id":33369,"href":"https:\/\/radiostudiow.com.br\/site\/wp-json\/wp\/v2\/posts\/33357\/revisions\/33369"}],"wp:featuredmedia":[{"embeddable":true,"href":"https:\/\/radiostudiow.com.br\/site\/wp-json\/wp\/v2\/media\/33368"}],"wp:attachment":[{"href":"https:\/\/radiostudiow.com.br\/site\/wp-json\/wp\/v2\/media?parent=33357"}],"wp:term":[{"taxonomy":"category","embeddable":true,"href":"https:\/\/radiostudiow.com.br\/site\/wp-json\/wp\/v2\/categories?post=33357"},{"taxonomy":"post_tag","embeddable":true,"href":"https:\/\/radiostudiow.com.br\/site\/wp-json\/wp\/v2\/tags?post=33357"}],"curies":[{"name":"wp","href":"https:\/\/api.w.org\/{rel}","templated":true}]}}