{"id":33358,"date":"2025-01-27T15:28:09","date_gmt":"2025-01-27T18:28:09","guid":{"rendered":"https:\/\/radiostudiow.com.br\/site\/?p=33358"},"modified":"2025-01-27T15:28:10","modified_gmt":"2025-01-27T18:28:10","slug":"colisao-entre-dois-veiculos-deixa-duas-vitimas-com-ferimentos-em-irati","status":"publish","type":"post","link":"https:\/\/radiostudiow.com.br\/site\/2025\/01\/27\/colisao-entre-dois-veiculos-deixa-duas-vitimas-com-ferimentos-em-irati\/","title":{"rendered":"Colis\u00e3o entre dois ve\u00edculos deixa duas v\u00edtimas com ferimentos em Irati"},"content":{"rendered":"\n<p><\/p>\n\n\n\n<figure class=\"wp-block-image size-full\"><img loading=\"lazy\" decoding=\"async\" width=\"900\" height=\"408\" src=\"https:\/\/radiostudiow.com.br\/site\/wp-content\/uploads\/2025\/01\/SITE-E-TV.png\" alt=\"\" class=\"wp-image-33052\" srcset=\"https:\/\/radiostudiow.com.br\/site\/wp-content\/uploads\/2025\/01\/SITE-E-TV.png 900w, https:\/\/radiostudiow.com.br\/site\/wp-content\/uploads\/2025\/01\/SITE-E-TV-300x136.png 300w, https:\/\/radiostudiow.com.br\/site\/wp-content\/uploads\/2025\/01\/SITE-E-TV-768x348.png 768w\" sizes=\"auto, (max-width: 900px) 100vw, 900px\" \/><\/figure>\n\n\n\n<p><\/p>\n\n\n\n<p style=\"font-size:21px\">Na tarde de s\u00e1bado (25-01), por volta das 12h12, equipes do SAMU, SIATE e Pol\u00edcia Militar atenderam a uma ocorr\u00eancia de acidente de tr\u00e2nsito na Rua Jo\u00e3o Protezek (BR 153), em frente ao Parque da Vila S\u00e3o Jo\u00e3o, em Irati . A participa\u00e7\u00e3o envolve um Volkswagen Gol e um Ford Ka, ambos de cor vermelha.<\/p>\n\n\n\n<p style=\"font-size:21px\">De acordo com as informa\u00e7\u00f5es, o acidente ocorrido em ferimentos leves para ambos os motoristas: uma mulher de 52 anos, que conduziu o Gol, e um homem de 72 anos, que dirigia o Ford Ka. Ambos receberam atendimento no local e foram encaminhados pelas ambul\u00e2ncias at\u00e9 a Unidade de Pronto Atendimento (UPA) municipal para avalia\u00e7\u00e3o m\u00e9dica.<\/p>\n\n\n\n<p style=\"font-size:21px\">A causa do acidente ainda est\u00e1 sendo investigada pelas autoridades, mas, felizmente, n\u00e3o houve v\u00edtimas em estado grave. O tr\u00e2nsito no local foi suspenso temporariamente devido ao atendimento da ocorr\u00eancia e \u00e0 remo\u00e7\u00e3o dos ve\u00edculos.<\/p>\n\n\n\n<p style=\"font-size:21px\">As equipes de resgate e seguran\u00e7a acompanharam a opera\u00e7\u00e3o para garantir a integridade dos envolvidos e o fluxo adequado no tr\u00e2nsito local.<\/p>\n\n\n\n<p style=\"font-size:21px\">Fonte: Alvorada FM<\/p>\n\n\n\n<p><\/p>\n\n\n\n<figure class=\"wp-block-image size-full\"><img loading=\"lazy\" decoding=\"async\" width=\"598\" height=\"204\" src=\"https:\/\/radiostudiow.com.br\/site\/wp-content\/uploads\/2024\/10\/labirati.png\" alt=\"\" class=\"wp-image-28854\" srcset=\"https:\/\/radiostudiow.com.br\/site\/wp-content\/uploads\/2024\/10\/labirati.png 598w, https:\/\/radiostudiow.com.br\/site\/wp-content\/uploads\/2024\/10\/labirati-300x102.png 300w\" sizes=\"auto, (max-width: 598px) 100vw, 598px\" \/><\/figure>\n","protected":false},"excerpt":{"rendered":"<p>Na tarde de s\u00e1bado (25-01), por volta das 12h12, equipes do SAMU, SIATE e Pol\u00edcia Militar atenderam a uma ocorr\u00eancia de acidente de tr\u00e2nsito na Rua Jo\u00e3o Protezek (BR 153), em frente ao Parque da Vila S\u00e3o Jo\u00e3o, em Irati . A participa\u00e7\u00e3o envolve um Volkswagen Gol e um Ford Ka, ambos de cor vermelha. [&hellip;]<\/p>\n","protected":false},"author":2,"featured_media":33362,"comment_status":"open","ping_status":"open","sticky":false,"template":"","format":"standard","meta":{"footnotes":""},"categories":[185],"tags":[172],"class_list":["post-33358","post","type-post","status-publish","format-standard","has-post-thumbnail","hentry","category-regional","tag-featured"],"amp_enabled":true,"_links":{"self":[{"href":"https:\/\/radiostudiow.com.br\/site\/wp-json\/wp\/v2\/posts\/33358","targetHints":{"allow":["GET"]}}],"collection":[{"href":"https:\/\/radiostudiow.com.br\/site\/wp-json\/wp\/v2\/posts"}],"about":[{"href":"https:\/\/radiostudiow.com.br\/site\/wp-json\/wp\/v2\/types\/post"}],"author":[{"embeddable":true,"href":"https:\/\/radiostudiow.com.br\/site\/wp-json\/wp\/v2\/users\/2"}],"replies":[{"embeddable":true,"href":"https:\/\/radiostudiow.com.br\/site\/wp-json\/wp\/v2\/comments?post=33358"}],"version-history":[{"count":1,"href":"https:\/\/radiostudiow.com.br\/site\/wp-json\/wp\/v2\/posts\/33358\/revisions"}],"predecessor-version":[{"id":33364,"href":"https:\/\/radiostudiow.com.br\/site\/wp-json\/wp\/v2\/posts\/33358\/revisions\/33364"}],"wp:featuredmedia":[{"embeddable":true,"href":"https:\/\/radiostudiow.com.br\/site\/wp-json\/wp\/v2\/media\/33362"}],"wp:attachment":[{"href":"https:\/\/radiostudiow.com.br\/site\/wp-json\/wp\/v2\/media?parent=33358"}],"wp:term":[{"taxonomy":"category","embeddable":true,"href":"https:\/\/radiostudiow.com.br\/site\/wp-json\/wp\/v2\/categories?post=33358"},{"taxonomy":"post_tag","embeddable":true,"href":"https:\/\/radiostudiow.com.br\/site\/wp-json\/wp\/v2\/tags?post=33358"}],"curies":[{"name":"wp","href":"https:\/\/api.w.org\/{rel}","templated":true}]}}