{"id":33370,"date":"2025-01-27T18:16:32","date_gmt":"2025-01-27T21:16:32","guid":{"rendered":"https:\/\/radiostudiow.com.br\/site\/?p=33370"},"modified":"2025-01-27T18:22:42","modified_gmt":"2025-01-27T21:22:42","slug":"academicos-de-mallet-enfrentam-incertezas-sobre-transporte-as-vesperas-do-inicio-das-aulas","status":"publish","type":"post","link":"https:\/\/radiostudiow.com.br\/site\/2025\/01\/27\/academicos-de-mallet-enfrentam-incertezas-sobre-transporte-as-vesperas-do-inicio-das-aulas\/","title":{"rendered":"Acad\u00eamicos de Mallet enfrentam incertezas sobre transporte \u00e0s v\u00e9speras do in\u00edcio das aulas"},"content":{"rendered":"\n<p><\/p>\n\n\n\n<figure class=\"wp-block-image size-full\"><img decoding=\"async\" src=\"https:\/\/radiostudiow.com.br\/site\/wp-content\/uploads\/2024\/01\/SITE-GRANDE.png\" alt=\"\" class=\"wp-image-18949\"\/><\/figure>\n\n\n\n<p><\/p>\n\n\n\n<p style=\"font-size:21px\">Faltando apenas uma semana para o in\u00edcio do ano letivo, acad\u00eamicos de Mallet enfrentam dificuldades relacionadas ao transporte para faculdades e universidades em Uni\u00e3o da Vit\u00f3ria e Irati. Na sexta-feira (24), uma reuni\u00e3o foi realizada nas depend\u00eancias do Pal\u00e1cio 21 de Setembro para tratar do tema, expondo problemas na Associa\u00e7\u00e3o de Acad\u00eamicos de Mallet, Dorizon e Rio Claro do Sul, al\u00e9m de quest\u00f5es financeiras que impactam diretamente o servi\u00e7o.<\/p>\n\n\n\n<p style=\"font-size:21px\">A principal dificuldade est\u00e1 na irregularidade do estatuto da associa\u00e7\u00e3o, que resultou na invalida\u00e7\u00e3o da elei\u00e7\u00e3o realizada em 2024. Al\u00e9m disso, por se tratar de uma entidade filantr\u00f3pica, o repasse da prefeitura referente ao subs\u00eddio do transporte de dezembro de 2024, mesmo com o dinheiro dispon\u00edvel no caixa da associa\u00e7\u00e3o, n\u00e3o p\u00f4de ser efetivado, retornando aos cofres p\u00fablicos.<br>Para regularizar a situa\u00e7\u00e3o, uma nova elei\u00e7\u00e3o ser\u00e1 organizada ainda este ano.<\/p>\n\n\n\n<h3 class=\"wp-block-heading\" style=\"font-size:26px\"><strong>Promessas de campanha e limita\u00e7\u00f5es do or\u00e7amento<\/strong><\/h3>\n\n\n\n<p style=\"font-size:21px\">Durante o per\u00edodo eleitoral, o prefeito Pedro Kowalczyk (Uni\u00e3o) prometeu transporte universit\u00e1rio gratuito, com 100% do subs\u00eddio pago pela prefeitura. Contudo, ele informou que o or\u00e7amento municipal, aprovado em julho de 2024, n\u00e3o prev\u00ea recursos para essa cobertura integral em 2025. Segundo Kowalczyk, a Lei Or\u00e7ament\u00e1ria Anual (LOA), elaborada pelo Executivo, define como os recursos do munic\u00edpio devem ser aplicados e n\u00e3o permite altera\u00e7\u00f5es significativas neste momento.<\/p>\n\n\n\n<p style=\"font-size:21px\">Na reuni\u00e3o, os vereadores S\u00e9rgio Gryczak (Podemos) e Cristiano Perepelicia (Uni\u00e3o) comentaram a situa\u00e7\u00e3o. Gryczak destacou que promessas de campanha s\u00f3 podem ser cumpridas com or\u00e7amentos elaborados pela nova gest\u00e3o, o que ocorrer\u00e1 a partir de 2026. Gryczak destacou que:<\/p>\n\n\n\n<blockquote class=\"wp-block-quote is-layout-flow wp-block-quote-is-layout-flow\">\n<p style=\"font-size:21px\"><em>\u201cTodos os candidatos que prometem em per\u00edodo eleitoral no seu plano de governo, somente poder\u00e3o cumprir no ano seguinte do seu primeiro ano de mandato. O prefeito municipal eleito n\u00e3o sabe como est\u00e1 o or\u00e7amento do munic\u00edpio, somente ap\u00f3s o in\u00edcio do seu mandato. Ou seja, a pr\u00f3xima LOA que ser\u00e1 votada, essa sim ser\u00e1 programada pela administra\u00e7\u00e3o atual, para os pr\u00f3ximos 3 anos. E, sem d\u00favida, essa promessa de 100% foi feita, e eu e o vereador Cristiano vamos defender, vamos brigar para que, a partir do ano que vem, com um or\u00e7amento da atual administra\u00e7\u00e3o, seja sim dado os 100% para os acad\u00eamicos.\u201d<\/em><\/p>\n<\/blockquote>\n\n\n\n<p style=\"font-size:21px\">J\u00e1 Cristiano Perepelicia adotou um tom mais pragm\u00e1tico, ressaltando que o aumento de 28,5% no subs\u00eddio para o transporte universit\u00e1rio em 2025 j\u00e1 \u00e9 significativo.<\/p>\n\n\n\n<blockquote class=\"wp-block-quote is-layout-flow wp-block-quote-is-layout-flow\">\n<p style=\"font-size:21px\"><em>\u201cN\u00e3o importa o que os prefeitos anteriores fizeram. Afinal, de algum lugar faltou para tirar para os acad\u00eamicos, e frisou que 28,5% j\u00e1 est\u00e1 bom de aumento de subs\u00eddio para o transporte deste ano. Se o prefeito X ou Y repassou 100%, em algum lugar faltou. Porque dinheiro n\u00e3o escorre de cachoeira. E \u00e9 uma escolha de voc\u00ea, estudante. Voc\u00ea depende de transitar por uma rua boa, depende de uma sa\u00fade. Ent\u00e3o, \u00e9 uma quest\u00e3o de se repensar: ser\u00e1 que eu tenho direito? Vou brigar por 100% do transporte? E as outras coisas que fiquem a ver navios? Ent\u00e3o, \u00e9 s\u00f3 uma coloca\u00e7\u00e3o. Tem que parar um pouco e pensar na vida, e 28,5% no primeiro ano \u00e9 de se pensar que j\u00e1 \u00e9 um valor louv\u00e1vel.\u201d<\/em><\/p>\n<\/blockquote>\n\n\n\n<p><\/p>\n\n\n\n<figure class=\"wp-block-image size-large\"><img loading=\"lazy\" decoding=\"async\" width=\"1024\" height=\"576\" src=\"https:\/\/radiostudiow.com.br\/site\/wp-content\/uploads\/2025\/01\/Imagem-do-WhatsApp-de-2025-01-27-as-17.42.23_0a9cddc3-1024x576.jpg\" alt=\"\" class=\"wp-image-33372\" srcset=\"https:\/\/radiostudiow.com.br\/site\/wp-content\/uploads\/2025\/01\/Imagem-do-WhatsApp-de-2025-01-27-as-17.42.23_0a9cddc3-1024x576.jpg 1024w, https:\/\/radiostudiow.com.br\/site\/wp-content\/uploads\/2025\/01\/Imagem-do-WhatsApp-de-2025-01-27-as-17.42.23_0a9cddc3-300x169.jpg 300w, https:\/\/radiostudiow.com.br\/site\/wp-content\/uploads\/2025\/01\/Imagem-do-WhatsApp-de-2025-01-27-as-17.42.23_0a9cddc3-768x432.jpg 768w, https:\/\/radiostudiow.com.br\/site\/wp-content\/uploads\/2025\/01\/Imagem-do-WhatsApp-de-2025-01-27-as-17.42.23_0a9cddc3.jpg 1280w\" sizes=\"auto, (max-width: 1024px) 100vw, 1024px\" \/><\/figure>\n\n\n\n<p><\/p>\n\n\n\n<h3 class=\"wp-block-heading\" style=\"font-size:26px\"><strong>Cr\u00edticas e insatisfa\u00e7\u00e3o entre os acad\u00eamicos<\/strong><\/h3>\n\n\n\n<p style=\"font-size:21px\">Os estudantes, no entanto, veem a situa\u00e7\u00e3o com indigna\u00e7\u00e3o. Muitos consideram que a promessa de transporte gratuito foi um incentivo determinante para ingressarem no ensino superior e esperam que os compromissos assumidos em campanha sejam cumpridos. Alguns tamb\u00e9m criticaram a fala do vereador Cristiano, que mencionou que <em>\u201cdinheiro n\u00e3o escorre de cachoeira\u201d<\/em>.<\/p>\n\n\n\n<p style=\"font-size:21px\">Os acad\u00eamicos tamb\u00e9m apontaram incoer\u00eancias na gest\u00e3o dos recursos p\u00fablicos. Eles relembraram que, no ano passado, os vereadores aprovaram aumentos salariais da mesma porcentagem indicada para o subs\u00eddio do transporte, al\u00e9m de outros cargos p\u00fablicos, como o prefeito, o vice-prefeito e os secret\u00e1rios.<br>Al\u00e9m disso, nesta segunda-feira (27), na C\u00e2mara Municipal de Mallet, ser\u00e1 votado, a pedido do Poder Executivo, um aumento de 55% no sal\u00e1rio do procurador do munic\u00edpio. <strong>Ou seja, de algum lugar vai faltar.<\/strong><\/p>\n\n\n\n<p><\/p>\n\n\n\n<figure class=\"wp-block-image size-large\"><img loading=\"lazy\" decoding=\"async\" width=\"1024\" height=\"576\" src=\"https:\/\/radiostudiow.com.br\/site\/wp-content\/uploads\/2025\/01\/20250124_183712.mp4.00_00_22_22.Still001-1024x576.jpg\" alt=\"\" class=\"wp-image-33373\" srcset=\"https:\/\/radiostudiow.com.br\/site\/wp-content\/uploads\/2025\/01\/20250124_183712.mp4.00_00_22_22.Still001-1024x576.jpg 1024w, https:\/\/radiostudiow.com.br\/site\/wp-content\/uploads\/2025\/01\/20250124_183712.mp4.00_00_22_22.Still001-300x169.jpg 300w, https:\/\/radiostudiow.com.br\/site\/wp-content\/uploads\/2025\/01\/20250124_183712.mp4.00_00_22_22.Still001-768x432.jpg 768w, https:\/\/radiostudiow.com.br\/site\/wp-content\/uploads\/2025\/01\/20250124_183712.mp4.00_00_22_22.Still001-1536x864.jpg 1536w, https:\/\/radiostudiow.com.br\/site\/wp-content\/uploads\/2025\/01\/20250124_183712.mp4.00_00_22_22.Still001.jpg 1920w\" sizes=\"auto, (max-width: 1024px) 100vw, 1024px\" \/><\/figure>\n\n\n\n<p><\/p>\n\n\n\n<h3 class=\"wp-block-heading\" style=\"font-size:28px\"><strong>Pr\u00f3ximos passos<\/strong><\/h3>\n\n\n\n<p style=\"font-size:21px\">A situa\u00e7\u00e3o permanece indefinida. Os acad\u00eamicos aguardam a realiza\u00e7\u00e3o de uma nova elei\u00e7\u00e3o para a associa\u00e7\u00e3o, al\u00e9m de solu\u00e7\u00f5es imediatas para garantir o transporte no in\u00edcio das aulas. Enquanto isso, a C\u00e2mara Municipal e a Prefeitura continuam sendo alvo de cobran\u00e7as por parte dos estudantes, que exigem respostas concretas.<\/p>\n\n\n\n<p style=\"font-size:21px\">A vota\u00e7\u00e3o marcada para esta segunda-feira promete gerar mais discuss\u00f5es sobre a gest\u00e3o dos recursos p\u00fablicos em Mallet, aumentando ainda mais a press\u00e3o sobre o Executivo e o Legislativo municipal.<\/p>\n\n\n\n<p><\/p>\n\n\n\n<figure class=\"wp-block-image size-full\"><img loading=\"lazy\" decoding=\"async\" width=\"598\" height=\"204\" src=\"https:\/\/radiostudiow.com.br\/site\/wp-content\/uploads\/2025\/01\/SITE-MEDIO7.png\" alt=\"\" class=\"wp-image-32801\" srcset=\"https:\/\/radiostudiow.com.br\/site\/wp-content\/uploads\/2025\/01\/SITE-MEDIO7.png 598w, https:\/\/radiostudiow.com.br\/site\/wp-content\/uploads\/2025\/01\/SITE-MEDIO7-300x102.png 300w\" sizes=\"auto, (max-width: 598px) 100vw, 598px\" \/><\/figure>\n","protected":false},"excerpt":{"rendered":"<p>Faltando apenas uma semana para o in\u00edcio do ano letivo, acad\u00eamicos de Mallet enfrentam dificuldades relacionadas ao transporte para faculdades e universidades em Uni\u00e3o da Vit\u00f3ria e Irati. Na sexta-feira (24), uma reuni\u00e3o foi realizada nas depend\u00eancias do Pal\u00e1cio 21 de Setembro para tratar do tema, expondo problemas na Associa\u00e7\u00e3o de Acad\u00eamicos de Mallet, Dorizon [&hellip;]<\/p>\n","protected":false},"author":2,"featured_media":33371,"comment_status":"open","ping_status":"open","sticky":false,"template":"","format":"standard","meta":{"footnotes":""},"categories":[184],"tags":[172],"class_list":["post-33370","post","type-post","status-publish","format-standard","has-post-thumbnail","hentry","category-local","tag-featured"],"amp_enabled":true,"_links":{"self":[{"href":"https:\/\/radiostudiow.com.br\/site\/wp-json\/wp\/v2\/posts\/33370","targetHints":{"allow":["GET"]}}],"collection":[{"href":"https:\/\/radiostudiow.com.br\/site\/wp-json\/wp\/v2\/posts"}],"about":[{"href":"https:\/\/radiostudiow.com.br\/site\/wp-json\/wp\/v2\/types\/post"}],"author":[{"embeddable":true,"href":"https:\/\/radiostudiow.com.br\/site\/wp-json\/wp\/v2\/users\/2"}],"replies":[{"embeddable":true,"href":"https:\/\/radiostudiow.com.br\/site\/wp-json\/wp\/v2\/comments?post=33370"}],"version-history":[{"count":3,"href":"https:\/\/radiostudiow.com.br\/site\/wp-json\/wp\/v2\/posts\/33370\/revisions"}],"predecessor-version":[{"id":33377,"href":"https:\/\/radiostudiow.com.br\/site\/wp-json\/wp\/v2\/posts\/33370\/revisions\/33377"}],"wp:featuredmedia":[{"embeddable":true,"href":"https:\/\/radiostudiow.com.br\/site\/wp-json\/wp\/v2\/media\/33371"}],"wp:attachment":[{"href":"https:\/\/radiostudiow.com.br\/site\/wp-json\/wp\/v2\/media?parent=33370"}],"wp:term":[{"taxonomy":"category","embeddable":true,"href":"https:\/\/radiostudiow.com.br\/site\/wp-json\/wp\/v2\/categories?post=33370"},{"taxonomy":"post_tag","embeddable":true,"href":"https:\/\/radiostudiow.com.br\/site\/wp-json\/wp\/v2\/tags?post=33370"}],"curies":[{"name":"wp","href":"https:\/\/api.w.org\/{rel}","templated":true}]}}