{"id":33380,"date":"2025-01-27T21:45:06","date_gmt":"2025-01-28T00:45:06","guid":{"rendered":"https:\/\/radiostudiow.com.br\/site\/?p=33380"},"modified":"2025-01-27T21:45:06","modified_gmt":"2025-01-28T00:45:06","slug":"suspeito-de-sete-crimes-relacionados-a-violencia-domestica-e-preso-em-mallet","status":"publish","type":"post","link":"https:\/\/radiostudiow.com.br\/site\/2025\/01\/27\/suspeito-de-sete-crimes-relacionados-a-violencia-domestica-e-preso-em-mallet\/","title":{"rendered":"Suspeito de Sete Crimes Relacionados \u00e0 Viol\u00eancia Dom\u00e9stica \u00e9 Preso em Mallet"},"content":{"rendered":"\n<p><\/p>\n\n\n\n<figure class=\"wp-block-image size-full\"><img loading=\"lazy\" decoding=\"async\" width=\"897\" height=\"204\" src=\"https:\/\/radiostudiow.com.br\/site\/wp-content\/uploads\/2024\/01\/SITE-GRANDE3.png\" alt=\"zaions\" class=\"wp-image-18936\" srcset=\"https:\/\/radiostudiow.com.br\/site\/wp-content\/uploads\/2024\/01\/SITE-GRANDE3.png 897w, https:\/\/radiostudiow.com.br\/site\/wp-content\/uploads\/2024\/01\/SITE-GRANDE3-300x68.png 300w, https:\/\/radiostudiow.com.br\/site\/wp-content\/uploads\/2024\/01\/SITE-GRANDE3-768x175.png 768w\" sizes=\"auto, (max-width: 897px) 100vw, 897px\" \/><\/figure>\n\n\n\n<p>Na tarde desta segunda-feira (27), um homem suspeito de cometer sete crimes foi preso em Mallet. Os delitos teriam ocorrido durante a madrugada do \u00faltimo dia 18, em um contexto de viol\u00eancia dom\u00e9stica contra a mulher.<\/p>\n\n\n\n<p>De acordo com as investiga\u00e7\u00f5es, o suspeito teria praticado os crimes de les\u00e3o corporal, c\u00e1rcere privado, roubo, amea\u00e7a, vias de fato, posse irregular de arma de fogo de uso permitido e posse irregular de arma branca.<\/p>\n\n\n\n<p>Ap\u00f3s a pris\u00e3o, o homem foi interrogado pelas autoridades e, em seguida, transferido para a cadeia p\u00fablica de Uni\u00e3o da Vit\u00f3ria, onde permanece \u00e0 disposi\u00e7\u00e3o da Justi\u00e7a.<\/p>\n\n\n\n<p>O caso segue em investiga\u00e7\u00e3o, e as autoridades refor\u00e7am a import\u00e2ncia de denunciar situa\u00e7\u00f5es de viol\u00eancia dom\u00e9stica atrav\u00e9s dos canais oficiais, garantindo o sigilo e a prote\u00e7\u00e3o das v\u00edtimas.<\/p>\n\n\n\n<p><\/p>\n\n\n\n<figure class=\"wp-block-image size-full\"><img loading=\"lazy\" decoding=\"async\" width=\"900\" height=\"205\" src=\"https:\/\/radiostudiow.com.br\/site\/wp-content\/uploads\/2024\/03\/bannertijolao-e1733625657395.jpg\" alt=\"\" class=\"wp-image-20494\" srcset=\"https:\/\/radiostudiow.com.br\/site\/wp-content\/uploads\/2024\/03\/bannertijolao-e1733625657395.jpg 900w, https:\/\/radiostudiow.com.br\/site\/wp-content\/uploads\/2024\/03\/bannertijolao-e1733625657395-300x68.jpg 300w, https:\/\/radiostudiow.com.br\/site\/wp-content\/uploads\/2024\/03\/bannertijolao-e1733625657395-768x175.jpg 768w\" sizes=\"auto, (max-width: 900px) 100vw, 900px\" \/><\/figure>\n\n\n\n<figure class=\"wp-block-image size-full\"><img loading=\"lazy\" decoding=\"async\" width=\"897\" height=\"204\" src=\"https:\/\/radiostudiow.com.br\/site\/wp-content\/uploads\/2024\/08\/TIJOLAO.png\" alt=\"\" class=\"wp-image-25951\" srcset=\"https:\/\/radiostudiow.com.br\/site\/wp-content\/uploads\/2024\/08\/TIJOLAO.png 897w, https:\/\/radiostudiow.com.br\/site\/wp-content\/uploads\/2024\/08\/TIJOLAO-300x68.png 300w, https:\/\/radiostudiow.com.br\/site\/wp-content\/uploads\/2024\/08\/TIJOLAO-768x175.png 768w\" sizes=\"auto, (max-width: 897px) 100vw, 897px\" \/><\/figure>\n","protected":false},"excerpt":{"rendered":"<p>Na tarde desta segunda-feira (27), um homem suspeito de cometer sete crimes foi preso em Mallet. Os delitos teriam ocorrido durante a madrugada do \u00faltimo dia 18, em um contexto de viol\u00eancia dom\u00e9stica contra a mulher. De acordo com as investiga\u00e7\u00f5es, o suspeito teria praticado os crimes de les\u00e3o corporal, c\u00e1rcere privado, roubo, amea\u00e7a, vias [&hellip;]<\/p>\n","protected":false},"author":2,"featured_media":33381,"comment_status":"open","ping_status":"open","sticky":false,"template":"","format":"standard","meta":{"footnotes":""},"categories":[184,2],"tags":[172],"class_list":["post-33380","post","type-post","status-publish","format-standard","has-post-thumbnail","hentry","category-local","category-policial","tag-featured"],"amp_enabled":true,"_links":{"self":[{"href":"https:\/\/radiostudiow.com.br\/site\/wp-json\/wp\/v2\/posts\/33380","targetHints":{"allow":["GET"]}}],"collection":[{"href":"https:\/\/radiostudiow.com.br\/site\/wp-json\/wp\/v2\/posts"}],"about":[{"href":"https:\/\/radiostudiow.com.br\/site\/wp-json\/wp\/v2\/types\/post"}],"author":[{"embeddable":true,"href":"https:\/\/radiostudiow.com.br\/site\/wp-json\/wp\/v2\/users\/2"}],"replies":[{"embeddable":true,"href":"https:\/\/radiostudiow.com.br\/site\/wp-json\/wp\/v2\/comments?post=33380"}],"version-history":[{"count":1,"href":"https:\/\/radiostudiow.com.br\/site\/wp-json\/wp\/v2\/posts\/33380\/revisions"}],"predecessor-version":[{"id":33382,"href":"https:\/\/radiostudiow.com.br\/site\/wp-json\/wp\/v2\/posts\/33380\/revisions\/33382"}],"wp:featuredmedia":[{"embeddable":true,"href":"https:\/\/radiostudiow.com.br\/site\/wp-json\/wp\/v2\/media\/33381"}],"wp:attachment":[{"href":"https:\/\/radiostudiow.com.br\/site\/wp-json\/wp\/v2\/media?parent=33380"}],"wp:term":[{"taxonomy":"category","embeddable":true,"href":"https:\/\/radiostudiow.com.br\/site\/wp-json\/wp\/v2\/categories?post=33380"},{"taxonomy":"post_tag","embeddable":true,"href":"https:\/\/radiostudiow.com.br\/site\/wp-json\/wp\/v2\/tags?post=33380"}],"curies":[{"name":"wp","href":"https:\/\/api.w.org\/{rel}","templated":true}]}}