{"id":33389,"date":"2025-01-28T11:54:36","date_gmt":"2025-01-28T14:54:36","guid":{"rendered":"https:\/\/radiostudiow.com.br\/site\/?p=33389"},"modified":"2025-01-28T11:54:37","modified_gmt":"2025-01-28T14:54:37","slug":"homem-e-agredido-por-vizinho-apos-reclamacao-de-barulho-em-sao-mateus-do-sul","status":"publish","type":"post","link":"https:\/\/radiostudiow.com.br\/site\/2025\/01\/28\/homem-e-agredido-por-vizinho-apos-reclamacao-de-barulho-em-sao-mateus-do-sul\/","title":{"rendered":"Homem \u00e9 agredido por vizinho ap\u00f3s reclama\u00e7\u00e3o de barulho em S\u00e3o Mateus do Sul"},"content":{"rendered":"\n<p><\/p>\n\n\n\n<figure class=\"wp-block-image size-full\"><img loading=\"lazy\" decoding=\"async\" width=\"897\" height=\"204\" src=\"https:\/\/radiostudiow.com.br\/site\/wp-content\/uploads\/2024\/01\/SITE-GRANDE3.png\" alt=\"zaions\" class=\"wp-image-18936\" srcset=\"https:\/\/radiostudiow.com.br\/site\/wp-content\/uploads\/2024\/01\/SITE-GRANDE3.png 897w, https:\/\/radiostudiow.com.br\/site\/wp-content\/uploads\/2024\/01\/SITE-GRANDE3-300x68.png 300w, https:\/\/radiostudiow.com.br\/site\/wp-content\/uploads\/2024\/01\/SITE-GRANDE3-768x175.png 768w\" sizes=\"auto, (max-width: 897px) 100vw, 897px\" \/><\/figure>\n\n\n\n<p><\/p>\n\n\n\n<p>Na manh\u00e3 desta ter\u00e7a-feira (28), por volta das 7h, a Pol\u00edcia Militar foi acionada para atender a uma ocorr\u00eancia de les\u00e3o corporal no Centro de S\u00e3o Mateus do Sul.<\/p>\n\n\n\n<p>Segundo informa\u00e7\u00f5es repassadas pela v\u00edtima, o incidente aconteceu enquanto ela ajustava a cerca da propriedade de sua tia. O vizinho, incomodado com o barulho, teria se aproximado e iniciado uma discuss\u00e3o. Em determinado momento, o suspeito proferiu amea\u00e7as e desferiu um golpe no rosto da v\u00edtima.<\/p>\n\n\n\n<p>Apesar da agress\u00e3o, a v\u00edtima optou por n\u00e3o registrar queixa formal contra o agressor no momento. A equipe policial realizou as orienta\u00e7\u00f5es necess\u00e1rias sobre os procedimentos cab\u00edveis e encerrou a ocorr\u00eancia no local.<\/p>\n\n\n\n<p><\/p>\n\n\n\n<figure class=\"wp-block-image size-full\"><img decoding=\"async\" src=\"https:\/\/radiostudiow.com.br\/site\/wp-content\/uploads\/2023\/08\/image-127.png\" alt=\"\" class=\"wp-image-14660\"\/><\/figure>\n","protected":false},"excerpt":{"rendered":"<p>Na manh\u00e3 desta ter\u00e7a-feira (28), por volta das 7h, a Pol\u00edcia Militar foi acionada para atender a uma ocorr\u00eancia de les\u00e3o corporal no Centro de S\u00e3o Mateus do Sul. Segundo informa\u00e7\u00f5es repassadas pela v\u00edtima, o incidente aconteceu enquanto ela ajustava a cerca da propriedade de sua tia. O vizinho, incomodado com o barulho, teria se [&hellip;]<\/p>\n","protected":false},"author":2,"featured_media":29243,"comment_status":"open","ping_status":"open","sticky":false,"template":"","format":"standard","meta":{"footnotes":""},"categories":[2,185],"tags":[172],"class_list":["post-33389","post","type-post","status-publish","format-standard","has-post-thumbnail","hentry","category-policial","category-regional","tag-featured"],"amp_enabled":true,"_links":{"self":[{"href":"https:\/\/radiostudiow.com.br\/site\/wp-json\/wp\/v2\/posts\/33389","targetHints":{"allow":["GET"]}}],"collection":[{"href":"https:\/\/radiostudiow.com.br\/site\/wp-json\/wp\/v2\/posts"}],"about":[{"href":"https:\/\/radiostudiow.com.br\/site\/wp-json\/wp\/v2\/types\/post"}],"author":[{"embeddable":true,"href":"https:\/\/radiostudiow.com.br\/site\/wp-json\/wp\/v2\/users\/2"}],"replies":[{"embeddable":true,"href":"https:\/\/radiostudiow.com.br\/site\/wp-json\/wp\/v2\/comments?post=33389"}],"version-history":[{"count":1,"href":"https:\/\/radiostudiow.com.br\/site\/wp-json\/wp\/v2\/posts\/33389\/revisions"}],"predecessor-version":[{"id":33397,"href":"https:\/\/radiostudiow.com.br\/site\/wp-json\/wp\/v2\/posts\/33389\/revisions\/33397"}],"wp:featuredmedia":[{"embeddable":true,"href":"https:\/\/radiostudiow.com.br\/site\/wp-json\/wp\/v2\/media\/29243"}],"wp:attachment":[{"href":"https:\/\/radiostudiow.com.br\/site\/wp-json\/wp\/v2\/media?parent=33389"}],"wp:term":[{"taxonomy":"category","embeddable":true,"href":"https:\/\/radiostudiow.com.br\/site\/wp-json\/wp\/v2\/categories?post=33389"},{"taxonomy":"post_tag","embeddable":true,"href":"https:\/\/radiostudiow.com.br\/site\/wp-json\/wp\/v2\/tags?post=33389"}],"curies":[{"name":"wp","href":"https:\/\/api.w.org\/{rel}","templated":true}]}}