{"id":3339,"date":"2021-08-23T11:48:24","date_gmt":"2021-08-23T14:48:24","guid":{"rendered":"https:\/\/radiostudiow.com.br\/site\/?p=3339"},"modified":"2025-01-31T15:12:30","modified_gmt":"2025-01-31T18:12:30","slug":"retorno-gradativo-das-atividades-presenciais-para-as-turmas-de-3o-e-4o-ano-do-ensino-fundamental-na-rede-publica-em-mallet","status":"publish","type":"post","link":"https:\/\/radiostudiow.com.br\/site\/2021\/08\/23\/retorno-gradativo-das-atividades-presenciais-para-as-turmas-de-3o-e-4o-ano-do-ensino-fundamental-na-rede-publica-em-mallet\/","title":{"rendered":"Retorno gradativo das atividades presenciais para as turmas de 3\u00ba e 4\u00ba ano do ensino fundamental na rede p\u00fablica em Mallet"},"content":{"rendered":"\n<p>A partir de uma decis\u00e3o coletiva entre os membros do Comit\u00ea de Planejamento e Provid\u00eancias para retorno \u00e0s aulas presenciais, informamos que a partir do dia 01 de setembro de 2021, ocorrer\u00e1 o retorno gradativo das atividades escolares para as turmas de 3\u00ba e 4\u00ba ano do Ensino Fundamental. <\/p>\n\n\n\n<p>Ser\u00e1 realizada em forma de revezamento semanal, com 50% da turma em aula presencial, e 50% em modo remoto, alternando os grupos a cada semana.<\/p>\n\n\n\n<figure class=\"wp-block-image size-large\"><img loading=\"lazy\" decoding=\"async\" width=\"1024\" height=\"768\" src=\"https:\/\/radiostudiow.com.br\/site\/wp-content\/uploads\/2021\/08\/240403711_1004548020355769_1838349105711324938_n-1024x768.jpg\" alt=\"\" class=\"wp-image-3341\" srcset=\"https:\/\/radiostudiow.com.br\/site\/wp-content\/uploads\/2021\/08\/240403711_1004548020355769_1838349105711324938_n-1024x768.jpg 1024w, https:\/\/radiostudiow.com.br\/site\/wp-content\/uploads\/2021\/08\/240403711_1004548020355769_1838349105711324938_n-300x225.jpg 300w, https:\/\/radiostudiow.com.br\/site\/wp-content\/uploads\/2021\/08\/240403711_1004548020355769_1838349105711324938_n-768x576.jpg 768w, https:\/\/radiostudiow.com.br\/site\/wp-content\/uploads\/2021\/08\/240403711_1004548020355769_1838349105711324938_n-1536x1152.jpg 1536w, https:\/\/radiostudiow.com.br\/site\/wp-content\/uploads\/2021\/08\/240403711_1004548020355769_1838349105711324938_n.jpg 1728w\" sizes=\"auto, (max-width: 1024px) 100vw, 1024px\" \/><\/figure>\n\n\n\n<figure class=\"wp-block-image size-full\"><img decoding=\"async\" src=\"https:\/\/radiostudiow.com.br\/site\/wp-content\/uploads\/2021\/08\/BAHNIUK.jpg\" alt=\"\" class=\"wp-image-3191\"\/><\/figure>\n\n\n\n<p>A ades\u00e3o \u00e0s atividades presenciais ser\u00e1 facultativa, \u00e0 crit\u00e9rio dos respons\u00e1veis pelo estudante. Os respons\u00e1veis que decidirem aderir ao retorno presencial do estudante para as atividades presenciais dever\u00e3o se comprometer quanto ao cumprimento das diretrizes estabelecidas no protocolo de seguran\u00e7a, mediante a apresenta\u00e7\u00e3o de termo de compromisso.<\/p>\n\n\n\n<p>Todas as orienta\u00e7\u00f5es para o retorno das atividades, estar\u00e3o dispostas no <em>\u201cProtocolo de orienta\u00e7\u00f5es para o retorno das atividades presenciais&#8221;<\/em>. Clique na frase a seguir para mais informa\u00e7\u00f5es:<\/p>\n\n\n\n<p><a href=\"http:\/\/mallet.pr.gov.br\/...\/protocolo_retorno_aulas.pdf.\" data-type=\"URL\" data-id=\"http:\/\/mallet.pr.gov.br\/...\/protocolo_retorno_aulas.pdf.\"><strong>PROTOCOLO DE ORIENTA\u00c7\u00d5ES PARA O RETORNO DAS ATIVIDADES PRESENCIAIS REDE P\u00daBLICA MUNICIPAL DE ENSINO DE MALLET.<\/strong><\/a><\/p>\n\n\n\n<figure class=\"wp-block-image size-large\"><img loading=\"lazy\" decoding=\"async\" width=\"1024\" height=\"768\" src=\"https:\/\/radiostudiow.com.br\/site\/wp-content\/uploads\/2021\/08\/240349263_1004548077022430_8877127736072978338_n-1024x768.jpg\" alt=\"\" class=\"wp-image-3342\" srcset=\"https:\/\/radiostudiow.com.br\/site\/wp-content\/uploads\/2021\/08\/240349263_1004548077022430_8877127736072978338_n-1024x768.jpg 1024w, https:\/\/radiostudiow.com.br\/site\/wp-content\/uploads\/2021\/08\/240349263_1004548077022430_8877127736072978338_n-300x225.jpg 300w, https:\/\/radiostudiow.com.br\/site\/wp-content\/uploads\/2021\/08\/240349263_1004548077022430_8877127736072978338_n-768x576.jpg 768w, https:\/\/radiostudiow.com.br\/site\/wp-content\/uploads\/2021\/08\/240349263_1004548077022430_8877127736072978338_n-1536x1152.jpg 1536w, https:\/\/radiostudiow.com.br\/site\/wp-content\/uploads\/2021\/08\/240349263_1004548077022430_8877127736072978338_n.jpg 1728w\" sizes=\"auto, (max-width: 1024px) 100vw, 1024px\" \/><\/figure>\n\n\n\n<figure class=\"wp-block-image size-full\"><img decoding=\"async\" src=\"https:\/\/radiostudiow.com.br\/site\/wp-content\/uploads\/2021\/07\/SICREDI.jpg\" alt=\"\" class=\"wp-image-3081\"\/><\/figure>\n","protected":false},"excerpt":{"rendered":"<p>A partir de uma decis\u00e3o coletiva entre os membros do Comit\u00ea de Planejamento e Provid\u00eancias para retorno \u00e0s aulas presenciais, informamos que a partir do dia 01 de setembro de 2021, ocorrer\u00e1 o retorno gradativo das atividades escolares para as turmas de 3\u00ba e 4\u00ba ano do Ensino Fundamental. Ser\u00e1 realizada em forma de revezamento [&hellip;]<\/p>\n","protected":false},"author":2,"featured_media":3340,"comment_status":"open","ping_status":"open","sticky":false,"template":"","format":"standard","meta":{"footnotes":""},"categories":[184],"tags":[172],"class_list":["post-3339","post","type-post","status-publish","format-standard","has-post-thumbnail","hentry","category-local","tag-featured"],"amp_enabled":true,"_links":{"self":[{"href":"https:\/\/radiostudiow.com.br\/site\/wp-json\/wp\/v2\/posts\/3339","targetHints":{"allow":["GET"]}}],"collection":[{"href":"https:\/\/radiostudiow.com.br\/site\/wp-json\/wp\/v2\/posts"}],"about":[{"href":"https:\/\/radiostudiow.com.br\/site\/wp-json\/wp\/v2\/types\/post"}],"author":[{"embeddable":true,"href":"https:\/\/radiostudiow.com.br\/site\/wp-json\/wp\/v2\/users\/2"}],"replies":[{"embeddable":true,"href":"https:\/\/radiostudiow.com.br\/site\/wp-json\/wp\/v2\/comments?post=3339"}],"version-history":[{"count":2,"href":"https:\/\/radiostudiow.com.br\/site\/wp-json\/wp\/v2\/posts\/3339\/revisions"}],"predecessor-version":[{"id":3345,"href":"https:\/\/radiostudiow.com.br\/site\/wp-json\/wp\/v2\/posts\/3339\/revisions\/3345"}],"wp:featuredmedia":[{"embeddable":true,"href":"https:\/\/radiostudiow.com.br\/site\/wp-json\/wp\/v2\/media\/3340"}],"wp:attachment":[{"href":"https:\/\/radiostudiow.com.br\/site\/wp-json\/wp\/v2\/media?parent=3339"}],"wp:term":[{"taxonomy":"category","embeddable":true,"href":"https:\/\/radiostudiow.com.br\/site\/wp-json\/wp\/v2\/categories?post=3339"},{"taxonomy":"post_tag","embeddable":true,"href":"https:\/\/radiostudiow.com.br\/site\/wp-json\/wp\/v2\/tags?post=3339"}],"curies":[{"name":"wp","href":"https:\/\/api.w.org\/{rel}","templated":true}]}}