{"id":33390,"date":"2025-01-28T11:55:39","date_gmt":"2025-01-28T14:55:39","guid":{"rendered":"https:\/\/radiostudiow.com.br\/site\/?p=33390"},"modified":"2025-01-28T12:07:29","modified_gmt":"2025-01-28T15:07:29","slug":"homem-e-vitima-de-furto-ao-sair-de-agencia-bancaria-no-centro-de-sao-mateus-do-sul-um-suspeito-foi-preso","status":"publish","type":"post","link":"https:\/\/radiostudiow.com.br\/site\/2025\/01\/28\/homem-e-vitima-de-furto-ao-sair-de-agencia-bancaria-no-centro-de-sao-mateus-do-sul-um-suspeito-foi-preso\/","title":{"rendered":"Suspeito de furto \u00e9 preso ap\u00f3s ser contido por populares em S\u00e3o Mateus do Sul"},"content":{"rendered":"\n<p><\/p>\n\n\n\n<figure class=\"wp-block-image size-full\"><img decoding=\"async\" src=\"https:\/\/radiostudiow.com.br\/site\/wp-content\/uploads\/2024\/01\/SITE-GRANDE.png\" alt=\"\" class=\"wp-image-18949\"\/><\/figure>\n\n\n\n<p><\/p>\n\n\n\n<p>Na manh\u00e3 desta segunda-feira (27), por volta das 11h18, um homem foi v\u00edtima de furto ao sair de uma ag\u00eancia banc\u00e1ria localizada no Centro de S\u00e3o Mateus do Sul. A v\u00edtima relatou \u00e0 pol\u00edcia que dois indiv\u00edduos o abordaram e subtra\u00edram seus pertences.<\/p>\n\n\n\n<p>Enquanto a equipe policial atendia a ocorr\u00eancia, foi informada de que um dos suspeitos havia sido contido por populares nas proximidades. O homem foi detido pela pol\u00edcia e encaminhado \u00e0 delegacia para os procedimentos legais.<\/p>\n\n\n\n<p>O segundo envolvido no crime conseguiu fugir e, at\u00e9 o momento, n\u00e3o foi localizado. A Pol\u00edcia Civil segue investigando o caso para identificar e capturar o suspeito.<\/p>\n\n\n\n<p>A a\u00e7\u00e3o r\u00e1pida da popula\u00e7\u00e3o e da pol\u00edcia garantiu a pris\u00e3o de um dos autores, mas as autoridades orientam os cidad\u00e3os a tomarem precau\u00e7\u00f5es ao sair de ag\u00eancias banc\u00e1rias e a acionarem a pol\u00edcia imediatamente em situa\u00e7\u00f5es de risco.<\/p>\n\n\n\n<p><\/p>\n\n\n\n<figure class=\"wp-block-image size-full\"><img loading=\"lazy\" decoding=\"async\" width=\"598\" height=\"204\" src=\"https:\/\/radiostudiow.com.br\/site\/wp-content\/uploads\/2025\/01\/SITE-MEDIO7.png\" alt=\"\" class=\"wp-image-32801\" srcset=\"https:\/\/radiostudiow.com.br\/site\/wp-content\/uploads\/2025\/01\/SITE-MEDIO7.png 598w, https:\/\/radiostudiow.com.br\/site\/wp-content\/uploads\/2025\/01\/SITE-MEDIO7-300x102.png 300w\" sizes=\"auto, (max-width: 598px) 100vw, 598px\" \/><\/figure>\n","protected":false},"excerpt":{"rendered":"<p>Na manh\u00e3 desta segunda-feira (27), por volta das 11h18, um homem foi v\u00edtima de furto ao sair de uma ag\u00eancia banc\u00e1ria localizada no Centro de S\u00e3o Mateus do Sul. A v\u00edtima relatou \u00e0 pol\u00edcia que dois indiv\u00edduos o abordaram e subtra\u00edram seus pertences. Enquanto a equipe policial atendia a ocorr\u00eancia, foi informada de que um [&hellip;]<\/p>\n","protected":false},"author":2,"featured_media":30688,"comment_status":"open","ping_status":"open","sticky":false,"template":"","format":"standard","meta":{"footnotes":""},"categories":[2,185],"tags":[172],"class_list":["post-33390","post","type-post","status-publish","format-standard","has-post-thumbnail","hentry","category-policial","category-regional","tag-featured"],"amp_enabled":true,"_links":{"self":[{"href":"https:\/\/radiostudiow.com.br\/site\/wp-json\/wp\/v2\/posts\/33390","targetHints":{"allow":["GET"]}}],"collection":[{"href":"https:\/\/radiostudiow.com.br\/site\/wp-json\/wp\/v2\/posts"}],"about":[{"href":"https:\/\/radiostudiow.com.br\/site\/wp-json\/wp\/v2\/types\/post"}],"author":[{"embeddable":true,"href":"https:\/\/radiostudiow.com.br\/site\/wp-json\/wp\/v2\/users\/2"}],"replies":[{"embeddable":true,"href":"https:\/\/radiostudiow.com.br\/site\/wp-json\/wp\/v2\/comments?post=33390"}],"version-history":[{"count":3,"href":"https:\/\/radiostudiow.com.br\/site\/wp-json\/wp\/v2\/posts\/33390\/revisions"}],"predecessor-version":[{"id":33403,"href":"https:\/\/radiostudiow.com.br\/site\/wp-json\/wp\/v2\/posts\/33390\/revisions\/33403"}],"wp:featuredmedia":[{"embeddable":true,"href":"https:\/\/radiostudiow.com.br\/site\/wp-json\/wp\/v2\/media\/30688"}],"wp:attachment":[{"href":"https:\/\/radiostudiow.com.br\/site\/wp-json\/wp\/v2\/media?parent=33390"}],"wp:term":[{"taxonomy":"category","embeddable":true,"href":"https:\/\/radiostudiow.com.br\/site\/wp-json\/wp\/v2\/categories?post=33390"},{"taxonomy":"post_tag","embeddable":true,"href":"https:\/\/radiostudiow.com.br\/site\/wp-json\/wp\/v2\/tags?post=33390"}],"curies":[{"name":"wp","href":"https:\/\/api.w.org\/{rel}","templated":true}]}}