{"id":33396,"date":"2025-01-28T11:55:17","date_gmt":"2025-01-28T14:55:17","guid":{"rendered":"https:\/\/radiostudiow.com.br\/site\/?p=33396"},"modified":"2025-01-28T12:00:40","modified_gmt":"2025-01-28T15:00:40","slug":"homem-e-agredido-pelo-irmao-durante-disputa-por-terras-em-cruz-machado","status":"publish","type":"post","link":"https:\/\/radiostudiow.com.br\/site\/2025\/01\/28\/homem-e-agredido-pelo-irmao-durante-disputa-por-terras-em-cruz-machado\/","title":{"rendered":"Conflito familiar por heran\u00e7a de terras resulta em agress\u00e3o em Cruz Machado"},"content":{"rendered":"\n<figure class=\"wp-block-image size-full\"><img loading=\"lazy\" decoding=\"async\" width=\"897\" height=\"204\" src=\"https:\/\/radiostudiow.com.br\/site\/wp-content\/uploads\/2025\/01\/SITE-GRANDE3.png\" alt=\"\" class=\"wp-image-32900\" srcset=\"https:\/\/radiostudiow.com.br\/site\/wp-content\/uploads\/2025\/01\/SITE-GRANDE3.png 897w, https:\/\/radiostudiow.com.br\/site\/wp-content\/uploads\/2025\/01\/SITE-GRANDE3-300x68.png 300w, https:\/\/radiostudiow.com.br\/site\/wp-content\/uploads\/2025\/01\/SITE-GRANDE3-768x175.png 768w\" sizes=\"auto, (max-width: 897px) 100vw, 897px\" \/><\/figure>\n\n\n\n<p><\/p>\n\n\n\n<p>Na manh\u00e3 desta segunda-feira (27), por volta das 9h50, uma equipe da Pol\u00edcia Militar foi acionada para atender a uma ocorr\u00eancia de viol\u00eancia familiar na zona rural de Cruz Machado. O caso envolveu uma agress\u00e3o motivada por desentendimentos sobre a divis\u00e3o de terras de uma fam\u00edlia.<\/p>\n\n\n\n<p>Ao chegar ao local, os policiais conversaram com a v\u00edtima, um homem que relatou ter sido agredido no dia anterior por seu pr\u00f3prio irm\u00e3o. Segundo o relato, a discuss\u00e3o teria come\u00e7ado por conta de diverg\u00eancias relacionadas \u00e0 partilha de propriedades rurais pertencentes \u00e0 fam\u00edlia, o que resultou na agress\u00e3o f\u00edsica.<\/p>\n\n\n\n<p>Diante da situa\u00e7\u00e3o, os policiais orientaram a v\u00edtima sobre os procedimentos legais cab\u00edveis, incluindo o registro formal de um boletim de ocorr\u00eancia e as medidas judiciais que podem ser tomadas, como solicita\u00e7\u00e3o de medidas protetivas ou abertura de inqu\u00e9rito para apura\u00e7\u00e3o do caso.<\/p>\n\n\n\n<p><\/p>\n\n\n\n<figure class=\"wp-block-image size-full\"><img loading=\"lazy\" decoding=\"async\" width=\"598\" height=\"204\" src=\"https:\/\/radiostudiow.com.br\/site\/wp-content\/uploads\/2023\/12\/SITE-MEDIO4.png\" alt=\"\" class=\"wp-image-17598\" srcset=\"https:\/\/radiostudiow.com.br\/site\/wp-content\/uploads\/2023\/12\/SITE-MEDIO4.png 598w, https:\/\/radiostudiow.com.br\/site\/wp-content\/uploads\/2023\/12\/SITE-MEDIO4-300x102.png 300w\" sizes=\"auto, (max-width: 598px) 100vw, 598px\" \/><\/figure>\n","protected":false},"excerpt":{"rendered":"<p>Na manh\u00e3 desta segunda-feira (27), por volta das 9h50, uma equipe da Pol\u00edcia Militar foi acionada para atender a uma ocorr\u00eancia de viol\u00eancia familiar na zona rural de Cruz Machado. O caso envolveu uma agress\u00e3o motivada por desentendimentos sobre a divis\u00e3o de terras de uma fam\u00edlia. Ao chegar ao local, os policiais conversaram com a [&hellip;]<\/p>\n","protected":false},"author":2,"featured_media":30530,"comment_status":"open","ping_status":"open","sticky":false,"template":"","format":"standard","meta":{"footnotes":""},"categories":[2,185],"tags":[172],"class_list":["post-33396","post","type-post","status-publish","format-standard","has-post-thumbnail","hentry","category-policial","category-regional","tag-featured"],"amp_enabled":true,"_links":{"self":[{"href":"https:\/\/radiostudiow.com.br\/site\/wp-json\/wp\/v2\/posts\/33396","targetHints":{"allow":["GET"]}}],"collection":[{"href":"https:\/\/radiostudiow.com.br\/site\/wp-json\/wp\/v2\/posts"}],"about":[{"href":"https:\/\/radiostudiow.com.br\/site\/wp-json\/wp\/v2\/types\/post"}],"author":[{"embeddable":true,"href":"https:\/\/radiostudiow.com.br\/site\/wp-json\/wp\/v2\/users\/2"}],"replies":[{"embeddable":true,"href":"https:\/\/radiostudiow.com.br\/site\/wp-json\/wp\/v2\/comments?post=33396"}],"version-history":[{"count":2,"href":"https:\/\/radiostudiow.com.br\/site\/wp-json\/wp\/v2\/posts\/33396\/revisions"}],"predecessor-version":[{"id":33401,"href":"https:\/\/radiostudiow.com.br\/site\/wp-json\/wp\/v2\/posts\/33396\/revisions\/33401"}],"wp:featuredmedia":[{"embeddable":true,"href":"https:\/\/radiostudiow.com.br\/site\/wp-json\/wp\/v2\/media\/30530"}],"wp:attachment":[{"href":"https:\/\/radiostudiow.com.br\/site\/wp-json\/wp\/v2\/media?parent=33396"}],"wp:term":[{"taxonomy":"category","embeddable":true,"href":"https:\/\/radiostudiow.com.br\/site\/wp-json\/wp\/v2\/categories?post=33396"},{"taxonomy":"post_tag","embeddable":true,"href":"https:\/\/radiostudiow.com.br\/site\/wp-json\/wp\/v2\/tags?post=33396"}],"curies":[{"name":"wp","href":"https:\/\/api.w.org\/{rel}","templated":true}]}}