{"id":33404,"date":"2025-01-28T13:52:18","date_gmt":"2025-01-28T16:52:18","guid":{"rendered":"https:\/\/radiostudiow.com.br\/site\/?p=33404"},"modified":"2025-01-28T15:04:03","modified_gmt":"2025-01-28T18:04:03","slug":"jovem-natural-de-mallet-morre-afogado-em-rio-no-mato-grosso-do-sul","status":"publish","type":"post","link":"https:\/\/radiostudiow.com.br\/site\/2025\/01\/28\/jovem-natural-de-mallet-morre-afogado-em-rio-no-mato-grosso-do-sul\/","title":{"rendered":"Jovem natural de Mallet morre afogado em rio no Mato Grosso do Sul"},"content":{"rendered":"\n<figure class=\"wp-block-image size-full\"><img loading=\"lazy\" decoding=\"async\" width=\"897\" height=\"204\" src=\"https:\/\/radiostudiow.com.br\/site\/wp-content\/uploads\/2024\/01\/SITE-GRANDE3.png\" alt=\"zaions\" class=\"wp-image-18936\" srcset=\"https:\/\/radiostudiow.com.br\/site\/wp-content\/uploads\/2024\/01\/SITE-GRANDE3.png 897w, https:\/\/radiostudiow.com.br\/site\/wp-content\/uploads\/2024\/01\/SITE-GRANDE3-300x68.png 300w, https:\/\/radiostudiow.com.br\/site\/wp-content\/uploads\/2024\/01\/SITE-GRANDE3-768x175.png 768w\" sizes=\"auto, (max-width: 897px) 100vw, 897px\" \/><\/figure>\n\n\n\n<p><\/p>\n\n\n\n<p style=\"font-size:21px\">Na manh\u00e3 desta ter\u00e7a-feira (28), o corpo de Clederson Daniel Harmatiuk, de 24 anos, natural de Mallet, foi encontrado a aproximadamente 1,5 km de dist\u00e2ncia do local onde ele pulou de uma ponte de linha f\u00e9rrea no \u00faltimo domingo (26), em \u00c1gua Clara, Mato Grosso do Sul. O jovem, que havia deixado sua cidade natal para trabalhar em \u00c1gua Clara, residia temporariamente em um alojamento fornecido pela empresa onde estava empregado.<\/p>\n\n\n\n<p style=\"font-size:21px\">O incidente ocorreu na ponte na ponte f\u00e9rrea da atual Rumo ALL Log\u00edstica, um local conhecido como ponto de lazer para moradores e visitantes. Testemunhas relataram que Clederson pulou da ponte, mas desapareceu nas \u00e1guas logo ap\u00f3s o salto.<\/p>\n\n\n\n<p style=\"font-size:21px\">Em desespero, as pessoas que estavam com ele acionaram as autoridades. A Pol\u00edcia Militar, o Corpo de Bombeiros de Tr\u00eas Lagoas e a Pol\u00edcia Civil foram mobilizados para as buscas, que se intensificaram desde o momento do incidente.<\/p>\n\n\n\n<p style=\"font-size:21px\">Depois de dois dias de buscas incessantes, os bombeiros localizaram o corpo de Clederson na manh\u00e3 desta ter\u00e7a-feira. Ele foi levado ao ponto base da corpora\u00e7\u00e3o para que os procedimentos legais fossem realizados. A Pol\u00edcia Cient\u00edfica esteve no local para coletar materiais para per\u00edcia e dar in\u00edcio \u00e0 investiga\u00e7\u00e3o do caso.<\/p>\n\n\n\n<p style=\"font-size:21px\">Posteriormente, o corpo foi encaminhado para o Instituto M\u00e9dico e Odontol\u00f3gico Legal (Imol), onde passar\u00e1 por exame de necropsia.<\/p>\n\n\n\n<p style=\"font-size:21px\">A Studio W se solidariza com a fam\u00edlia, amigos e todos que sentiram a perda desse jovem. Nossos sentimentos e apoio a todos os envolvidos.<\/p>\n\n\n\n<p><\/p>\n\n\n\n<figure class=\"wp-block-image size-large\"><img decoding=\"async\" src=\"https:\/\/radiostudiow.com.br\/site\/wp-content\/uploads\/2025\/01\/anigif_medio_ok-1024x213.gif\" alt=\"\" class=\"wp-image-32977\"\/><\/figure>\n\n\n\n<p><\/p>\n\n\n\n<figure class=\"wp-block-image size-full\"><img loading=\"lazy\" decoding=\"async\" width=\"900\" height=\"205\" src=\"https:\/\/radiostudiow.com.br\/site\/wp-content\/uploads\/2024\/03\/bannertijolao-e1733625657395.jpg\" alt=\"\" class=\"wp-image-20494\" srcset=\"https:\/\/radiostudiow.com.br\/site\/wp-content\/uploads\/2024\/03\/bannertijolao-e1733625657395.jpg 900w, https:\/\/radiostudiow.com.br\/site\/wp-content\/uploads\/2024\/03\/bannertijolao-e1733625657395-300x68.jpg 300w, https:\/\/radiostudiow.com.br\/site\/wp-content\/uploads\/2024\/03\/bannertijolao-e1733625657395-768x175.jpg 768w\" sizes=\"auto, (max-width: 900px) 100vw, 900px\" \/><\/figure>\n\n\n\n<figure class=\"wp-block-image size-full\"><img loading=\"lazy\" decoding=\"async\" width=\"897\" height=\"204\" src=\"https:\/\/radiostudiow.com.br\/site\/wp-content\/uploads\/2024\/08\/TIJOLAO.png\" alt=\"\" class=\"wp-image-25951\" srcset=\"https:\/\/radiostudiow.com.br\/site\/wp-content\/uploads\/2024\/08\/TIJOLAO.png 897w, https:\/\/radiostudiow.com.br\/site\/wp-content\/uploads\/2024\/08\/TIJOLAO-300x68.png 300w, https:\/\/radiostudiow.com.br\/site\/wp-content\/uploads\/2024\/08\/TIJOLAO-768x175.png 768w\" sizes=\"auto, (max-width: 897px) 100vw, 897px\" \/><\/figure>\n","protected":false},"excerpt":{"rendered":"<p>Na manh\u00e3 desta ter\u00e7a-feira (28), o corpo de Clederson Daniel Harmatiuk, de 24 anos, natural de Mallet, foi encontrado a aproximadamente 1,5 km de dist\u00e2ncia do local onde ele pulou de uma ponte de linha f\u00e9rrea no \u00faltimo domingo (26), em \u00c1gua Clara, Mato Grosso do Sul. O jovem, que havia deixado sua cidade natal [&hellip;]<\/p>\n","protected":false},"author":2,"featured_media":33406,"comment_status":"open","ping_status":"open","sticky":false,"template":"","format":"standard","meta":{"footnotes":""},"categories":[7],"tags":[172],"class_list":["post-33404","post","type-post","status-publish","format-standard","has-post-thumbnail","hentry","category-geral","tag-featured"],"amp_enabled":true,"_links":{"self":[{"href":"https:\/\/radiostudiow.com.br\/site\/wp-json\/wp\/v2\/posts\/33404","targetHints":{"allow":["GET"]}}],"collection":[{"href":"https:\/\/radiostudiow.com.br\/site\/wp-json\/wp\/v2\/posts"}],"about":[{"href":"https:\/\/radiostudiow.com.br\/site\/wp-json\/wp\/v2\/types\/post"}],"author":[{"embeddable":true,"href":"https:\/\/radiostudiow.com.br\/site\/wp-json\/wp\/v2\/users\/2"}],"replies":[{"embeddable":true,"href":"https:\/\/radiostudiow.com.br\/site\/wp-json\/wp\/v2\/comments?post=33404"}],"version-history":[{"count":3,"href":"https:\/\/radiostudiow.com.br\/site\/wp-json\/wp\/v2\/posts\/33404\/revisions"}],"predecessor-version":[{"id":33416,"href":"https:\/\/radiostudiow.com.br\/site\/wp-json\/wp\/v2\/posts\/33404\/revisions\/33416"}],"wp:featuredmedia":[{"embeddable":true,"href":"https:\/\/radiostudiow.com.br\/site\/wp-json\/wp\/v2\/media\/33406"}],"wp:attachment":[{"href":"https:\/\/radiostudiow.com.br\/site\/wp-json\/wp\/v2\/media?parent=33404"}],"wp:term":[{"taxonomy":"category","embeddable":true,"href":"https:\/\/radiostudiow.com.br\/site\/wp-json\/wp\/v2\/categories?post=33404"},{"taxonomy":"post_tag","embeddable":true,"href":"https:\/\/radiostudiow.com.br\/site\/wp-json\/wp\/v2\/tags?post=33404"}],"curies":[{"name":"wp","href":"https:\/\/api.w.org\/{rel}","templated":true}]}}