{"id":33409,"date":"2025-01-28T14:47:28","date_gmt":"2025-01-28T17:47:28","guid":{"rendered":"https:\/\/radiostudiow.com.br\/site\/?p=33409"},"modified":"2025-01-28T14:54:47","modified_gmt":"2025-01-28T17:54:47","slug":"secretaria-municipal-de-educacao-divulga-calendario-escolar-de-2025","status":"publish","type":"post","link":"https:\/\/radiostudiow.com.br\/site\/2025\/01\/28\/secretaria-municipal-de-educacao-divulga-calendario-escolar-de-2025\/","title":{"rendered":"Secretaria Municipal de Educa\u00e7\u00e3o divulga calend\u00e1rio escolar de 2025"},"content":{"rendered":"\n<figure class=\"wp-block-image size-full\"><img loading=\"lazy\" decoding=\"async\" width=\"897\" height=\"204\" src=\"https:\/\/radiostudiow.com.br\/site\/wp-content\/uploads\/2024\/01\/SITE-GRANDE3.png\" alt=\"zaions\" class=\"wp-image-18936\" srcset=\"https:\/\/radiostudiow.com.br\/site\/wp-content\/uploads\/2024\/01\/SITE-GRANDE3.png 897w, https:\/\/radiostudiow.com.br\/site\/wp-content\/uploads\/2024\/01\/SITE-GRANDE3-300x68.png 300w, https:\/\/radiostudiow.com.br\/site\/wp-content\/uploads\/2024\/01\/SITE-GRANDE3-768x175.png 768w\" sizes=\"auto, (max-width: 897px) 100vw, 897px\" \/><\/figure>\n\n\n\n<p><\/p>\n\n\n\n<p style=\"font-size:21px\">A Secretaria de Educa\u00e7\u00e3o<strong> <\/strong>da Prefeitura Municipal de Mallet, anunciou o calend\u00e1rio oficial para o ano letivo de 2025, com o objetivo de informar e auxiliar na organiza\u00e7\u00e3o das fam\u00edlias dos alunos da Rede P\u00fablica Municipal de Ensino.<\/p>\n\n\n\n<p style=\"font-size:21px\">De acordo com o comunicado, as aulas para os estudantes come\u00e7ar\u00e3o no dia <strong>5 de fevereiro de 2025<\/strong> em todas as Escolas e Centros Municipais de Educa\u00e7\u00e3o Infantil (CMEIs). Os professores, no entanto, retornar\u00e3o antes, no dia <strong>3 de fevereiro<\/strong>, para participar de atividades de capacita\u00e7\u00e3o, estudos e planejamento do ano letivo.<\/p>\n\n\n\n<p style=\"font-size:21px\">A prefeitura destacou a import\u00e2ncia de um ano dedicado ao aprendizado e \u00e0 constru\u00e7\u00e3o de conhecimento, desejando sucesso a todos os envolvidos na jornada educacional.<\/p>\n\n\n\n<p style=\"font-size:21px\">Para mais informa\u00e7\u00f5es ou d\u00favidas, procurar diretamente a Secretaria Municipal de Educa\u00e7\u00e3o.<\/p>\n\n\n\n<p><\/p>\n\n\n\n<p><\/p>\n\n\n\n<figure class=\"wp-block-image size-full\"><img decoding=\"async\" src=\"https:\/\/radiostudiow.com.br\/site\/wp-content\/uploads\/2025\/01\/image-130.png\" alt=\"\" class=\"wp-image-33410\"\/><\/figure>\n\n\n\n<p><\/p>\n\n\n\n<figure class=\"wp-block-image size-full\"><img loading=\"lazy\" decoding=\"async\" width=\"598\" height=\"204\" src=\"https:\/\/radiostudiow.com.br\/site\/wp-content\/uploads\/2025\/01\/SITE-MEDIO7.png\" alt=\"\" class=\"wp-image-32801\" srcset=\"https:\/\/radiostudiow.com.br\/site\/wp-content\/uploads\/2025\/01\/SITE-MEDIO7.png 598w, https:\/\/radiostudiow.com.br\/site\/wp-content\/uploads\/2025\/01\/SITE-MEDIO7-300x102.png 300w\" sizes=\"auto, (max-width: 598px) 100vw, 598px\" \/><\/figure>\n","protected":false},"excerpt":{"rendered":"<p>A Secretaria de Educa\u00e7\u00e3o da Prefeitura Municipal de Mallet, anunciou o calend\u00e1rio oficial para o ano letivo de 2025, com o objetivo de informar e auxiliar na organiza\u00e7\u00e3o das fam\u00edlias dos alunos da Rede P\u00fablica Municipal de Ensino. De acordo com o comunicado, as aulas para os estudantes come\u00e7ar\u00e3o no dia 5 de fevereiro de [&hellip;]<\/p>\n","protected":false},"author":2,"featured_media":33413,"comment_status":"open","ping_status":"open","sticky":false,"template":"","format":"standard","meta":{"footnotes":""},"categories":[184],"tags":[172],"class_list":["post-33409","post","type-post","status-publish","format-standard","has-post-thumbnail","hentry","category-local","tag-featured"],"amp_enabled":true,"_links":{"self":[{"href":"https:\/\/radiostudiow.com.br\/site\/wp-json\/wp\/v2\/posts\/33409","targetHints":{"allow":["GET"]}}],"collection":[{"href":"https:\/\/radiostudiow.com.br\/site\/wp-json\/wp\/v2\/posts"}],"about":[{"href":"https:\/\/radiostudiow.com.br\/site\/wp-json\/wp\/v2\/types\/post"}],"author":[{"embeddable":true,"href":"https:\/\/radiostudiow.com.br\/site\/wp-json\/wp\/v2\/users\/2"}],"replies":[{"embeddable":true,"href":"https:\/\/radiostudiow.com.br\/site\/wp-json\/wp\/v2\/comments?post=33409"}],"version-history":[{"count":3,"href":"https:\/\/radiostudiow.com.br\/site\/wp-json\/wp\/v2\/posts\/33409\/revisions"}],"predecessor-version":[{"id":33414,"href":"https:\/\/radiostudiow.com.br\/site\/wp-json\/wp\/v2\/posts\/33409\/revisions\/33414"}],"wp:featuredmedia":[{"embeddable":true,"href":"https:\/\/radiostudiow.com.br\/site\/wp-json\/wp\/v2\/media\/33413"}],"wp:attachment":[{"href":"https:\/\/radiostudiow.com.br\/site\/wp-json\/wp\/v2\/media?parent=33409"}],"wp:term":[{"taxonomy":"category","embeddable":true,"href":"https:\/\/radiostudiow.com.br\/site\/wp-json\/wp\/v2\/categories?post=33409"},{"taxonomy":"post_tag","embeddable":true,"href":"https:\/\/radiostudiow.com.br\/site\/wp-json\/wp\/v2\/tags?post=33409"}],"curies":[{"name":"wp","href":"https:\/\/api.w.org\/{rel}","templated":true}]}}