{"id":33417,"date":"2025-01-28T15:53:35","date_gmt":"2025-01-28T18:53:35","guid":{"rendered":"https:\/\/radiostudiow.com.br\/site\/?p=33417"},"modified":"2025-01-28T16:15:39","modified_gmt":"2025-01-28T19:15:39","slug":"semana-da-saude-visual-com-consultas-oftalmologicas-gratuitas-em-mallet","status":"publish","type":"post","link":"https:\/\/radiostudiow.com.br\/site\/2025\/01\/28\/semana-da-saude-visual-com-consultas-oftalmologicas-gratuitas-em-mallet\/","title":{"rendered":"Semana da Sa\u00fade Visual com consultas oftalmol\u00f3gicas gratuitas em Mallet"},"content":{"rendered":"\n<p><\/p>\n\n\n\n<figure class=\"wp-block-image size-full\"><img loading=\"lazy\" decoding=\"async\" width=\"900\" height=\"205\" src=\"https:\/\/radiostudiow.com.br\/site\/wp-content\/uploads\/2024\/03\/bannertijolao-e1733625657395.jpg\" alt=\"\" class=\"wp-image-20494\" srcset=\"https:\/\/radiostudiow.com.br\/site\/wp-content\/uploads\/2024\/03\/bannertijolao-e1733625657395.jpg 900w, https:\/\/radiostudiow.com.br\/site\/wp-content\/uploads\/2024\/03\/bannertijolao-e1733625657395-300x68.jpg 300w, https:\/\/radiostudiow.com.br\/site\/wp-content\/uploads\/2024\/03\/bannertijolao-e1733625657395-768x175.jpg 768w\" sizes=\"auto, (max-width: 900px) 100vw, 900px\" \/><\/figure>\n\n\n\n<figure class=\"wp-block-image size-full\"><img loading=\"lazy\" decoding=\"async\" width=\"897\" height=\"204\" src=\"https:\/\/radiostudiow.com.br\/site\/wp-content\/uploads\/2024\/08\/TIJOLAO.png\" alt=\"\" class=\"wp-image-25951\" srcset=\"https:\/\/radiostudiow.com.br\/site\/wp-content\/uploads\/2024\/08\/TIJOLAO.png 897w, https:\/\/radiostudiow.com.br\/site\/wp-content\/uploads\/2024\/08\/TIJOLAO-300x68.png 300w, https:\/\/radiostudiow.com.br\/site\/wp-content\/uploads\/2024\/08\/TIJOLAO-768x175.png 768w\" sizes=\"auto, (max-width: 897px) 100vw, 897px\" \/><\/figure>\n\n\n\n<p><\/p>\n\n\n\n<p style=\"font-size:21px\">A popula\u00e7\u00e3o de Mallet ter\u00e1 acesso a consultas oftalmol\u00f3gicas gratuitas durante a Semana da Sa\u00fade Visual, promovida pela Associa\u00e7\u00e3o Olhar Pelo Pr\u00f3ximo em parceria com a Prefeitura e a Secretaria Municipal de Sa\u00fade. O atendimento ser\u00e1 realizado mediante cadastro pr\u00e9vio em diferentes unidades de sa\u00fade do munic\u00edpio.<\/p>\n\n\n\n<p style=\"font-size:21px\">Os exames oferecidos incluem avalia\u00e7\u00e3o da acuidade visual, refra\u00e7\u00e3o completa, biomicrospia, press\u00e3o intraocular, fundo de olho, ceratometria, curva tensional e teste do olhinho, garantindo um atendimento completo para identifica\u00e7\u00e3o de poss\u00edveis problemas de vis\u00e3o.<\/p>\n\n\n\n<p style=\"font-size:21px\"><strong>Como realizar o cadastro?<\/strong> &#8211; Para se cadastrar, os interessados devem comparecer aos pontos de atendimento levando CPF, endere\u00e7o e telefone. \u00c9 necess\u00e1rio que a pessoa que passar\u00e1 pelos exames esteja presente no momento do agendamento.<\/p>\n\n\n\n<p style=\"font-size:21px\"><strong>Restri\u00e7\u00f5es<\/strong> &#8211; N\u00e3o poder\u00e3o participar da consulta crian\u00e7as menores de 7 anos, gestantes e lactantes com beb\u00eas de at\u00e9 3 meses.<\/p>\n\n\n\n<p style=\"font-size:21px\"><strong>Pontos de cadastro<\/strong> &#8211; O cadastramento ser\u00e1 realizado em diferentes localidades do munic\u00edpio, seguindo o cronograma abaixo:<\/p>\n\n\n\n<p style=\"font-size:21px\"><strong>Unidade de Sa\u00fade Central ESF1 (pr\u00f3ximo ao hospital) \u2013 28\/01 a 01\/02, das 08h \u00e0s 11h e das 14h \u00e0s 16h30.<\/strong><\/p>\n\n\n\n<p style=\"font-size:21px\"><strong>Rio Claro do Sul (Unidade de Sa\u00fade Rio Claro do Sul) \u2013 29\/01, das 08h \u00e0s 11h e das 14h \u00e0s 16h30.<\/strong><\/p>\n\n\n\n<p style=\"font-size:21px\"><strong>Dorizon (Unidade de Sa\u00fade Dorizon) \u2013 30\/01, das 08h \u00e0s 11h e das 14h \u00e0s 16h30.<\/strong><\/p>\n\n\n\n<p style=\"font-size:21px\"><strong>Vila Caroline (Posto de Sa\u00fade) \u2013 31\/01, das 08h \u00e0s 11h e das 14h \u00e0s 16h30.<\/strong><\/p>\n\n\n\n<figure class=\"wp-block-image size-full\"><img decoding=\"async\" src=\"https:\/\/radiostudiow.com.br\/site\/wp-content\/uploads\/2025\/01\/image-131.png\" alt=\"\" class=\"wp-image-33418\"\/><\/figure>\n\n\n\n<p><\/p>\n\n\n\n<figure class=\"wp-block-gallery has-nested-images columns-default is-cropped wp-block-gallery-1 is-layout-flex wp-block-gallery-is-layout-flex\">\n<figure class=\"wp-block-image size-large\"><img loading=\"lazy\" decoding=\"async\" width=\"300\" height=\"180\" data-id=\"32894\" src=\"https:\/\/radiostudiow.com.br\/site\/wp-content\/uploads\/2025\/01\/SITE-PEQUENO2.png\" alt=\"\" class=\"wp-image-32894\"\/><\/figure>\n\n\n\n<figure class=\"wp-block-image size-large\"><img loading=\"lazy\" decoding=\"async\" width=\"300\" height=\"180\" data-id=\"32851\" src=\"https:\/\/radiostudiow.com.br\/site\/wp-content\/uploads\/2025\/01\/SITE-PEQUENO3.png\" alt=\"\" class=\"wp-image-32851\"\/><\/figure>\n\n\n\n<figure class=\"wp-block-image size-large\"><img loading=\"lazy\" decoding=\"async\" width=\"300\" height=\"180\" data-id=\"32833\" src=\"https:\/\/radiostudiow.com.br\/site\/wp-content\/uploads\/2025\/01\/SITE-PEQUENO.png\" alt=\"\" class=\"wp-image-32833\"\/><\/figure>\n<\/figure>\n","protected":false},"excerpt":{"rendered":"<p>A popula\u00e7\u00e3o de Mallet ter\u00e1 acesso a consultas oftalmol\u00f3gicas gratuitas durante a Semana da Sa\u00fade Visual, promovida pela Associa\u00e7\u00e3o Olhar Pelo Pr\u00f3ximo em parceria com a Prefeitura e a Secretaria Municipal de Sa\u00fade. O atendimento ser\u00e1 realizado mediante cadastro pr\u00e9vio em diferentes unidades de sa\u00fade do munic\u00edpio. Os exames oferecidos incluem avalia\u00e7\u00e3o da acuidade visual, [&hellip;]<\/p>\n","protected":false},"author":2,"featured_media":0,"comment_status":"open","ping_status":"open","sticky":false,"template":"","format":"standard","meta":{"footnotes":""},"categories":[7,184],"tags":[172],"class_list":["post-33417","post","type-post","status-publish","format-standard","hentry","category-geral","category-local","tag-featured"],"amp_enabled":true,"_links":{"self":[{"href":"https:\/\/radiostudiow.com.br\/site\/wp-json\/wp\/v2\/posts\/33417","targetHints":{"allow":["GET"]}}],"collection":[{"href":"https:\/\/radiostudiow.com.br\/site\/wp-json\/wp\/v2\/posts"}],"about":[{"href":"https:\/\/radiostudiow.com.br\/site\/wp-json\/wp\/v2\/types\/post"}],"author":[{"embeddable":true,"href":"https:\/\/radiostudiow.com.br\/site\/wp-json\/wp\/v2\/users\/2"}],"replies":[{"embeddable":true,"href":"https:\/\/radiostudiow.com.br\/site\/wp-json\/wp\/v2\/comments?post=33417"}],"version-history":[{"count":1,"href":"https:\/\/radiostudiow.com.br\/site\/wp-json\/wp\/v2\/posts\/33417\/revisions"}],"predecessor-version":[{"id":33419,"href":"https:\/\/radiostudiow.com.br\/site\/wp-json\/wp\/v2\/posts\/33417\/revisions\/33419"}],"wp:attachment":[{"href":"https:\/\/radiostudiow.com.br\/site\/wp-json\/wp\/v2\/media?parent=33417"}],"wp:term":[{"taxonomy":"category","embeddable":true,"href":"https:\/\/radiostudiow.com.br\/site\/wp-json\/wp\/v2\/categories?post=33417"},{"taxonomy":"post_tag","embeddable":true,"href":"https:\/\/radiostudiow.com.br\/site\/wp-json\/wp\/v2\/tags?post=33417"}],"curies":[{"name":"wp","href":"https:\/\/api.w.org\/{rel}","templated":true}]}}