{"id":33420,"date":"2025-01-29T09:36:15","date_gmt":"2025-01-29T12:36:15","guid":{"rendered":"https:\/\/radiostudiow.com.br\/site\/?p=33420"},"modified":"2025-01-29T09:36:15","modified_gmt":"2025-01-29T12:36:15","slug":"boletim-semanal-da-dengue-confirma-897-novos-casos-e-mais-um-obito-no-parana","status":"publish","type":"post","link":"https:\/\/radiostudiow.com.br\/site\/2025\/01\/29\/boletim-semanal-da-dengue-confirma-897-novos-casos-e-mais-um-obito-no-parana\/","title":{"rendered":"Boletim semanal da dengue confirma 897 novos casos e mais um \u00f3bito no Paran\u00e1"},"content":{"rendered":"\n<p><\/p>\n\n\n\n<figure class=\"wp-block-image size-full\"><img loading=\"lazy\" decoding=\"async\" width=\"897\" height=\"204\" src=\"https:\/\/radiostudiow.com.br\/site\/wp-content\/uploads\/2025\/01\/SITE-GRANDE3.png\" alt=\"\" class=\"wp-image-32900\" srcset=\"https:\/\/radiostudiow.com.br\/site\/wp-content\/uploads\/2025\/01\/SITE-GRANDE3.png 897w, https:\/\/radiostudiow.com.br\/site\/wp-content\/uploads\/2025\/01\/SITE-GRANDE3-300x68.png 300w, https:\/\/radiostudiow.com.br\/site\/wp-content\/uploads\/2025\/01\/SITE-GRANDE3-768x175.png 768w\" sizes=\"auto, (max-width: 897px) 100vw, 897px\" \/><\/figure>\n\n\n\n<p><\/p>\n\n\n\n<p>A Secretaria de Estado da Sa\u00fade (Sesa), por meio da Coordenadoria Estadual de Vigil\u00e2ncia Ambiental, publicou nesta ter\u00e7a-feira (28) o novo informe semanal da dengue. <\/p>\n\n\n\n<p>Foram registrados 897 novos casos da doen\u00e7a e mais um \u00f3bito. Os dados do atual per\u00edodo epidemiol\u00f3gico, iniciado em 28 de julho de 2024, somam 66.024 notifica\u00e7\u00f5es, 8.931 diagn\u00f3sticos confirmados e tr\u00eas mortes.<\/p>\n\n\n\n<p>O novo \u00f3bito, ocorrido em 30\/12\/2024, \u00e9 de um homem de 67 anos com comorbidades que residia no munic\u00edpio de Londrina, na 17\u00aa Regional de Sa\u00fade.<\/p>\n\n\n\n<p>No total, 387 munic\u00edpios j\u00e1 apresentaram notifica\u00e7\u00f5es da doen\u00e7a, transmitida pelo mosquito Aedes aegypti, e 295 possuem casos confirmados.<\/p>\n\n\n\n<p>As regionais com os maiores n\u00fameros de casos confirmados neste per\u00edodo epidemiol\u00f3gico s\u00e3o a 17\u00aa Regional de Sa\u00fade de Londrina (1.890); 14\u00aa RS de Paranava\u00ed (1.484); 2\u00aa RS Metropolitana\u00a0(629); 15\u00aa RS de Maring\u00e1 (596) e 12\u00aa RS Umuarama (567).<\/p>\n\n\n\n<p><strong>ARBOVIROSES \u2013<\/strong> A publica\u00e7\u00e3o traz ainda dados sobre Chikungunya e Zika, doen\u00e7as que tamb\u00e9m t\u00eam como vetor o mosquito Aedes aegypti. No per\u00edodo atual, foram contabilizados 194 casos confirmados de Chikungunya, com um total de 777 notifica\u00e7\u00f5es da doen\u00e7a no Estado. No que se refere ao Zika V\u00edrus, foram registradas 36 notifica\u00e7\u00f5es, sem casos confirmados.<\/p>\n\n\n\n<p><\/p>\n\n\n\n<figure class=\"wp-block-image size-full\"><img loading=\"lazy\" decoding=\"async\" width=\"598\" height=\"204\" src=\"https:\/\/radiostudiow.com.br\/site\/wp-content\/uploads\/2023\/12\/SITE-MEDIO4.png\" alt=\"\" class=\"wp-image-17598\" srcset=\"https:\/\/radiostudiow.com.br\/site\/wp-content\/uploads\/2023\/12\/SITE-MEDIO4.png 598w, https:\/\/radiostudiow.com.br\/site\/wp-content\/uploads\/2023\/12\/SITE-MEDIO4-300x102.png 300w\" sizes=\"auto, (max-width: 598px) 100vw, 598px\" \/><\/figure>\n","protected":false},"excerpt":{"rendered":"<p>A Secretaria de Estado da Sa\u00fade (Sesa), por meio da Coordenadoria Estadual de Vigil\u00e2ncia Ambiental, publicou nesta ter\u00e7a-feira (28) o novo informe semanal da dengue. Foram registrados 897 novos casos da doen\u00e7a e mais um \u00f3bito. Os dados do atual per\u00edodo epidemiol\u00f3gico, iniciado em 28 de julho de 2024, somam 66.024 notifica\u00e7\u00f5es, 8.931 diagn\u00f3sticos confirmados [&hellip;]<\/p>\n","protected":false},"author":2,"featured_media":33421,"comment_status":"open","ping_status":"open","sticky":false,"template":"","format":"standard","meta":{"footnotes":""},"categories":[182],"tags":[172],"class_list":["post-33420","post","type-post","status-publish","format-standard","has-post-thumbnail","hentry","category-saude","tag-featured"],"amp_enabled":true,"_links":{"self":[{"href":"https:\/\/radiostudiow.com.br\/site\/wp-json\/wp\/v2\/posts\/33420","targetHints":{"allow":["GET"]}}],"collection":[{"href":"https:\/\/radiostudiow.com.br\/site\/wp-json\/wp\/v2\/posts"}],"about":[{"href":"https:\/\/radiostudiow.com.br\/site\/wp-json\/wp\/v2\/types\/post"}],"author":[{"embeddable":true,"href":"https:\/\/radiostudiow.com.br\/site\/wp-json\/wp\/v2\/users\/2"}],"replies":[{"embeddable":true,"href":"https:\/\/radiostudiow.com.br\/site\/wp-json\/wp\/v2\/comments?post=33420"}],"version-history":[{"count":2,"href":"https:\/\/radiostudiow.com.br\/site\/wp-json\/wp\/v2\/posts\/33420\/revisions"}],"predecessor-version":[{"id":33423,"href":"https:\/\/radiostudiow.com.br\/site\/wp-json\/wp\/v2\/posts\/33420\/revisions\/33423"}],"wp:featuredmedia":[{"embeddable":true,"href":"https:\/\/radiostudiow.com.br\/site\/wp-json\/wp\/v2\/media\/33421"}],"wp:attachment":[{"href":"https:\/\/radiostudiow.com.br\/site\/wp-json\/wp\/v2\/media?parent=33420"}],"wp:term":[{"taxonomy":"category","embeddable":true,"href":"https:\/\/radiostudiow.com.br\/site\/wp-json\/wp\/v2\/categories?post=33420"},{"taxonomy":"post_tag","embeddable":true,"href":"https:\/\/radiostudiow.com.br\/site\/wp-json\/wp\/v2\/tags?post=33420"}],"curies":[{"name":"wp","href":"https:\/\/api.w.org\/{rel}","templated":true}]}}