{"id":33424,"date":"2025-01-28T22:56:41","date_gmt":"2025-01-29T01:56:41","guid":{"rendered":"https:\/\/radiostudiow.com.br\/site\/?p=33424"},"modified":"2025-01-28T23:03:21","modified_gmt":"2025-01-29T02:03:21","slug":"camara-de-vereadores-de-mallet-aprova-contratacao-de-profissionais-da-saude-e-educacao-mas-gera-polemica-com-novos-cargos-comissionados","status":"publish","type":"post","link":"https:\/\/radiostudiow.com.br\/site\/2025\/01\/28\/camara-de-vereadores-de-mallet-aprova-contratacao-de-profissionais-da-saude-e-educacao-mas-gera-polemica-com-novos-cargos-comissionados\/","title":{"rendered":"C\u00e2mara de Vereadores de Mallet aprova contrata\u00e7\u00e3o de profissionais da sa\u00fade e educa\u00e7\u00e3o, mas gera pol\u00eamica com novos cargos comissionados"},"content":{"rendered":"\n<p><\/p>\n\n\n\n<figure class=\"wp-block-image size-full\"><img loading=\"lazy\" decoding=\"async\" width=\"900\" height=\"205\" src=\"https:\/\/radiostudiow.com.br\/site\/wp-content\/uploads\/2024\/03\/bannertijolao-e1733625657395.jpg\" alt=\"\" class=\"wp-image-20494\" srcset=\"https:\/\/radiostudiow.com.br\/site\/wp-content\/uploads\/2024\/03\/bannertijolao-e1733625657395.jpg 900w, https:\/\/radiostudiow.com.br\/site\/wp-content\/uploads\/2024\/03\/bannertijolao-e1733625657395-300x68.jpg 300w, https:\/\/radiostudiow.com.br\/site\/wp-content\/uploads\/2024\/03\/bannertijolao-e1733625657395-768x175.jpg 768w\" sizes=\"auto, (max-width: 900px) 100vw, 900px\" \/><\/figure>\n\n\n\n<figure class=\"wp-block-image size-full\"><img loading=\"lazy\" decoding=\"async\" width=\"897\" height=\"204\" src=\"https:\/\/radiostudiow.com.br\/site\/wp-content\/uploads\/2024\/08\/TIJOLAO.png\" alt=\"\" class=\"wp-image-25951\" srcset=\"https:\/\/radiostudiow.com.br\/site\/wp-content\/uploads\/2024\/08\/TIJOLAO.png 897w, https:\/\/radiostudiow.com.br\/site\/wp-content\/uploads\/2024\/08\/TIJOLAO-300x68.png 300w, https:\/\/radiostudiow.com.br\/site\/wp-content\/uploads\/2024\/08\/TIJOLAO-768x175.png 768w\" sizes=\"auto, (max-width: 897px) 100vw, 897px\" \/><\/figure>\n\n\n\n<p><\/p>\n\n\n\n<p style=\"font-size:21px\">Na segunda-feira, 27 de janeiro, os vereadores de Mallet se reuniram no Pal\u00e1cio 21 de Setembro para a segunda sess\u00e3o extraordin\u00e1ria de 2025. Na pauta, a vota\u00e7\u00e3o de Projetos de Lei de autoria da Prefeitura Municipal, com destaque para a contrata\u00e7\u00e3o de 17 profissionais da sa\u00fade e 15 professores para suprir a demanda do ano letivo.<\/p>\n\n\n\n<p style=\"font-size:21px\">Entretanto, o que gerou revolta entre alguns vereadores foi a inclus\u00e3o, no mesmo projeto, da cria\u00e7\u00e3o de novos cargos comissionados, como Diretor de Agropecu\u00e1ria e Abastecimento, Diretor de Estradas e Vicinais, Diretor de Expediente e Chefe de Unidade Administrativa entre outros.&nbsp;<\/p>\n\n\n\n<p style=\"font-size:21px\">Os vereadores Jossoel Nicolaico \u2013 L\u00e9o (PSD) e Edinei Rogulski (PSD) argumentaram que esses cargos deveriam ser apreciados separadamente, para uma melhor an\u00e1lise.<\/p>\n\n\n\n<p style=\"font-size:21px\">Segundo eles, mesmo discordando da cria\u00e7\u00e3o dos cargos, tiveram que votar a favor devido \u00e0 urg\u00eancia da contrata\u00e7\u00e3o de profissionais da sa\u00fade e educa\u00e7\u00e3o.<\/p>\n\n\n\n<p style=\"font-size:21px\">Outra cr\u00edtica levantada foi a inclus\u00e3o da cria\u00e7\u00e3o de uma nova Secretaria Municipal a de Rela\u00e7\u00f5es Institucionais e Governamentais, o que poderia gerar mais despesas aos cofres municipais.&nbsp;<\/p>\n\n\n\n<p style=\"font-size:21px\">O vereador Edinei Rogulski manifestou preocupa\u00e7\u00e3o com o impacto or\u00e7ament\u00e1rio, afirmando que o custo anual da nova secretaria ultrapassaria R$ 100 mil.<\/p>\n\n\n\n<blockquote class=\"wp-block-quote is-layout-flow wp-block-quote-is-layout-flow\">\n<p style=\"font-size:23px\">\u201cSou contra a cria\u00e7\u00e3o de mais uma secretaria municipal. Acho que o prefeito tem que ir mais devagar, esperar mais uns 6 meses ou 1 ano para ver como ser\u00e1 o impacto desta folha de pagamento, pois todos sabem que 25% do or\u00e7amento vai para a educa\u00e7\u00e3o e 15% para a sa\u00fade, mas chega no m\u00ednimo a 25% pela necessidade da nossa popula\u00e7\u00e3o, sendo assim chegando a 50% da nossa arrecada\u00e7\u00e3o e mais a folha de pagamento. E cad\u00ea o dinheiro pra investir em contrapartidas e nas obras do nosso munic\u00edpio?\u201d, questionou Rogulski.<br><\/p>\n<\/blockquote>\n\n\n\n<p><\/p>\n\n\n\n<figure class=\"wp-block-image size-full\"><img loading=\"lazy\" decoding=\"async\" width=\"598\" height=\"204\" src=\"https:\/\/radiostudiow.com.br\/site\/wp-content\/uploads\/2025\/01\/SITE-MEDIO7.png\" alt=\"\" class=\"wp-image-32801\" srcset=\"https:\/\/radiostudiow.com.br\/site\/wp-content\/uploads\/2025\/01\/SITE-MEDIO7.png 598w, https:\/\/radiostudiow.com.br\/site\/wp-content\/uploads\/2025\/01\/SITE-MEDIO7-300x102.png 300w\" sizes=\"auto, (max-width: 598px) 100vw, 598px\" \/><\/figure>\n\n\n\n<p><\/p>\n\n\n\n<p style=\"font-size:21px\">Outro ponto discutido foi o Projeto de Lei n\u00famero 03\/2025, que altera a estrutura da Procuradoria Municipal, criando um novo quadro de vagas, plano de carreira, cargo e vencimentos.&nbsp;<\/p>\n\n\n\n<p style=\"font-size:21px\">O vereador L\u00e9o criticou a vota\u00e7\u00e3o em sess\u00e3o extraordin\u00e1ria e destacou sua indigna\u00e7\u00e3o com a diferen\u00e7a salarial entre categorias<\/p>\n\n\n\n<blockquote class=\"wp-block-quote is-layout-flow wp-block-quote-is-layout-flow\">\n<p style=\"font-size:23px\">\u201cN\u00e3o sou contra uma altera\u00e7\u00e3o salarial justa, mas vindo com essa altera\u00e7\u00e3o, onde aumenta de 9 mil para mais de 14 mil reais e, al\u00e9m desse aumento institu\u00eddo pelo Executivo, pode ter um aumento de FG no valor de R$ 2.440,49, podendo chegar a 17 mil reais. Se for fazer uma l\u00f3gica, quando um procurador se aposentar, pelo plano de carreira ele tem mais de 200% de aumento, enquanto os demais servidores da Prefeitura poder\u00e3o chegar somente a 30% no final da carreira\u201d, explicou L\u00e9o aos demais presentes.<br><\/p>\n<\/blockquote>\n\n\n\n<p style=\"font-size:21px\">Em contraponto, o vereador Cristiano Perepelicia (Uni\u00e3o Brasil) justificou a progress\u00e3o salarial, destacando que todos os servidores t\u00eam direito a ela.<\/p>\n\n\n\n<blockquote class=\"wp-block-quote is-layout-flow wp-block-quote-is-layout-flow\">\n<p style=\"font-size:23px\">\u201cNenhum funcion\u00e1rio quer perder a sua progress\u00e3o, nem professor, nem o pessoal de obras. Todos t\u00eam a sua progress\u00e3o. Infelizmente, para uns \u00e9 mais, para outros \u00e9 menos. N\u00e3o cabe a mim dizer se est\u00e1 certo ou errado\u201d, frisou Perepelicia.<\/p>\n<\/blockquote>\n\n\n\n<p style=\"font-size:21px\">Ainda durante as discuss\u00f5es finais, os vereadores destacaram um caso espec\u00edfico em que um servidor efetivo recebeu o cargo de Secret\u00e1rio Municipal e uma gratifica\u00e7\u00e3o de 50% do seu sal\u00e1rio. Os parlamentares argumentaram que essa pr\u00e1tica n\u00e3o seria justa com os demais servidores, que exercem fun\u00e7\u00f5es de grande responsabilidade e recebem sal\u00e1rios menores sem gratifica\u00e7\u00e3o adicional.<\/p>\n\n\n\n<p style=\"font-size:21px\">Em resumo, o projeto foi aprovado por 6 votos a 1.&nbsp; Votaram a favor os vereadores Tiago Jos\u00e9 Rodrigues (PODEMOS), Serjo Gryczak (PODEMOS), S\u00e9rgio Kojatek (PSD), Paulo Cirineu Basniak (Uni\u00e3o Brasil), Cristiano Perepelicia (Uni\u00e3o Brasil) e Edinei Rogulski (PSD). O vereador Jossoel Nicolaico \u2013 L\u00e9o (PSD) votou contra, e o vereador Shumaker (Progressistas) n\u00e3o esteve presente na sess\u00e3o extraordin\u00e1ria.<\/p>\n\n\n\n<p><\/p>\n\n\n\n<figure class=\"wp-block-image size-full\"><img decoding=\"async\" src=\"https:\/\/radiostudiow.com.br\/site\/wp-content\/uploads\/2024\/01\/SITE-GRANDE.png\" alt=\"\" class=\"wp-image-18949\"\/><\/figure>\n","protected":false},"excerpt":{"rendered":"<p>Na segunda-feira, 27 de janeiro, os vereadores de Mallet se reuniram no Pal\u00e1cio 21 de Setembro para a segunda sess\u00e3o extraordin\u00e1ria de 2025. Na pauta, a vota\u00e7\u00e3o de Projetos de Lei de autoria da Prefeitura Municipal, com destaque para a contrata\u00e7\u00e3o de 17 profissionais da sa\u00fade e 15 professores para suprir a demanda do ano [&hellip;]<\/p>\n","protected":false},"author":2,"featured_media":33425,"comment_status":"open","ping_status":"open","sticky":false,"template":"","format":"standard","meta":{"footnotes":""},"categories":[184],"tags":[172],"class_list":["post-33424","post","type-post","status-publish","format-standard","has-post-thumbnail","hentry","category-local","tag-featured"],"amp_enabled":true,"_links":{"self":[{"href":"https:\/\/radiostudiow.com.br\/site\/wp-json\/wp\/v2\/posts\/33424","targetHints":{"allow":["GET"]}}],"collection":[{"href":"https:\/\/radiostudiow.com.br\/site\/wp-json\/wp\/v2\/posts"}],"about":[{"href":"https:\/\/radiostudiow.com.br\/site\/wp-json\/wp\/v2\/types\/post"}],"author":[{"embeddable":true,"href":"https:\/\/radiostudiow.com.br\/site\/wp-json\/wp\/v2\/users\/2"}],"replies":[{"embeddable":true,"href":"https:\/\/radiostudiow.com.br\/site\/wp-json\/wp\/v2\/comments?post=33424"}],"version-history":[{"count":2,"href":"https:\/\/radiostudiow.com.br\/site\/wp-json\/wp\/v2\/posts\/33424\/revisions"}],"predecessor-version":[{"id":33427,"href":"https:\/\/radiostudiow.com.br\/site\/wp-json\/wp\/v2\/posts\/33424\/revisions\/33427"}],"wp:featuredmedia":[{"embeddable":true,"href":"https:\/\/radiostudiow.com.br\/site\/wp-json\/wp\/v2\/media\/33425"}],"wp:attachment":[{"href":"https:\/\/radiostudiow.com.br\/site\/wp-json\/wp\/v2\/media?parent=33424"}],"wp:term":[{"taxonomy":"category","embeddable":true,"href":"https:\/\/radiostudiow.com.br\/site\/wp-json\/wp\/v2\/categories?post=33424"},{"taxonomy":"post_tag","embeddable":true,"href":"https:\/\/radiostudiow.com.br\/site\/wp-json\/wp\/v2\/tags?post=33424"}],"curies":[{"name":"wp","href":"https:\/\/api.w.org\/{rel}","templated":true}]}}