{"id":33428,"date":"2025-01-29T13:12:14","date_gmt":"2025-01-29T16:12:14","guid":{"rendered":"https:\/\/radiostudiow.com.br\/site\/?p=33428"},"modified":"2025-01-29T13:12:15","modified_gmt":"2025-01-29T16:12:15","slug":"homem-e-agredido-com-pedaco-de-madeira-por-motivo-de-ciumes-em-uniao-da-vitoria","status":"publish","type":"post","link":"https:\/\/radiostudiow.com.br\/site\/2025\/01\/29\/homem-e-agredido-com-pedaco-de-madeira-por-motivo-de-ciumes-em-uniao-da-vitoria\/","title":{"rendered":"Homem \u00e9 agredido com peda\u00e7o de madeira por motivo de ci\u00fames em Uni\u00e3o da Vit\u00f3ria"},"content":{"rendered":"\n<figure class=\"wp-block-image size-full\"><img loading=\"lazy\" decoding=\"async\" width=\"897\" height=\"204\" src=\"https:\/\/radiostudiow.com.br\/site\/wp-content\/uploads\/2024\/01\/SITE-GRANDE3.png\" alt=\"zaions\" class=\"wp-image-18936\" srcset=\"https:\/\/radiostudiow.com.br\/site\/wp-content\/uploads\/2024\/01\/SITE-GRANDE3.png 897w, https:\/\/radiostudiow.com.br\/site\/wp-content\/uploads\/2024\/01\/SITE-GRANDE3-300x68.png 300w, https:\/\/radiostudiow.com.br\/site\/wp-content\/uploads\/2024\/01\/SITE-GRANDE3-768x175.png 768w\" sizes=\"auto, (max-width: 897px) 100vw, 897px\" \/><\/figure>\n\n\n\n<p><\/p>\n\n\n\n<p style=\"font-size:21px\">Na madrugada desta ter\u00e7a-feira (29), por volta das 2h50, um homem foi agredido com um peda\u00e7o de madeira no bairro Bela Vista, em Uni\u00e3o da Vit\u00f3ria. Segundo a Pol\u00edcia Militar, a v\u00edtima relatou que estava em sua resid\u00eancia quando foi surpreendida por um conhecido, que o atacou ao question\u00e1-lo sobre a presen\u00e7a de uma mulher em sua casa.<\/p>\n\n\n\n<p style=\"font-size:21px\">O homem sofreu les\u00f5es na face e no antebra\u00e7o em decorr\u00eancia dos golpes. Ap\u00f3s acionar a pol\u00edcia, ele informou que o agressor estaria nas proximidades. Durante patrulhamento, a equipe localizou um suspeito que, ao notar a presen\u00e7a da viatura, tentou esconder o rosto e acelerou o passo para entrar em uma resid\u00eancia.<\/p>\n\n\n\n<p style=\"font-size:21px\">Abordado pelos policiais, nada de il\u00edcito foi encontrado com ele. No entanto, ao ser questionado sobre o ocorrido, o suspeito confessou espontaneamente a agress\u00e3o, justificando que teria agido por ci\u00fames da mulher que havia frequentado a casa da v\u00edtima anteriormente.<\/p>\n\n\n\n<p style=\"font-size:21px\">Diante dos fatos, a v\u00edtima optou por representar criminalmente contra o agressor, que recebeu voz de pris\u00e3o. Ambos foram levados \u00e0 Unidade de Pronto Atendimento para avalia\u00e7\u00e3o m\u00e9dica e, posteriormente, encaminhados ao 1\u00ba Cart\u00f3rio do 27\u00ba BPM para a confec\u00e7\u00e3o do Termo Circunstanciado, uma vez que a les\u00e3o foi considerada leve.<\/p>\n\n\n\n<p><\/p>\n\n\n\n<figure class=\"wp-block-image size-full\"><img loading=\"lazy\" decoding=\"async\" width=\"598\" height=\"204\" src=\"https:\/\/radiostudiow.com.br\/site\/wp-content\/uploads\/2024\/10\/labirati.png\" alt=\"\" class=\"wp-image-28854\" srcset=\"https:\/\/radiostudiow.com.br\/site\/wp-content\/uploads\/2024\/10\/labirati.png 598w, https:\/\/radiostudiow.com.br\/site\/wp-content\/uploads\/2024\/10\/labirati-300x102.png 300w\" sizes=\"auto, (max-width: 598px) 100vw, 598px\" \/><\/figure>\n","protected":false},"excerpt":{"rendered":"<p>Na madrugada desta ter\u00e7a-feira (29), por volta das 2h50, um homem foi agredido com um peda\u00e7o de madeira no bairro Bela Vista, em Uni\u00e3o da Vit\u00f3ria. Segundo a Pol\u00edcia Militar, a v\u00edtima relatou que estava em sua resid\u00eancia quando foi surpreendida por um conhecido, que o atacou ao question\u00e1-lo sobre a presen\u00e7a de uma mulher [&hellip;]<\/p>\n","protected":false},"author":2,"featured_media":0,"comment_status":"open","ping_status":"open","sticky":false,"template":"","format":"standard","meta":{"footnotes":""},"categories":[2,185],"tags":[172],"class_list":["post-33428","post","type-post","status-publish","format-standard","hentry","category-policial","category-regional","tag-featured"],"amp_enabled":true,"_links":{"self":[{"href":"https:\/\/radiostudiow.com.br\/site\/wp-json\/wp\/v2\/posts\/33428","targetHints":{"allow":["GET"]}}],"collection":[{"href":"https:\/\/radiostudiow.com.br\/site\/wp-json\/wp\/v2\/posts"}],"about":[{"href":"https:\/\/radiostudiow.com.br\/site\/wp-json\/wp\/v2\/types\/post"}],"author":[{"embeddable":true,"href":"https:\/\/radiostudiow.com.br\/site\/wp-json\/wp\/v2\/users\/2"}],"replies":[{"embeddable":true,"href":"https:\/\/radiostudiow.com.br\/site\/wp-json\/wp\/v2\/comments?post=33428"}],"version-history":[{"count":1,"href":"https:\/\/radiostudiow.com.br\/site\/wp-json\/wp\/v2\/posts\/33428\/revisions"}],"predecessor-version":[{"id":33445,"href":"https:\/\/radiostudiow.com.br\/site\/wp-json\/wp\/v2\/posts\/33428\/revisions\/33445"}],"wp:attachment":[{"href":"https:\/\/radiostudiow.com.br\/site\/wp-json\/wp\/v2\/media?parent=33428"}],"wp:term":[{"taxonomy":"category","embeddable":true,"href":"https:\/\/radiostudiow.com.br\/site\/wp-json\/wp\/v2\/categories?post=33428"},{"taxonomy":"post_tag","embeddable":true,"href":"https:\/\/radiostudiow.com.br\/site\/wp-json\/wp\/v2\/tags?post=33428"}],"curies":[{"name":"wp","href":"https:\/\/api.w.org\/{rel}","templated":true}]}}