{"id":33429,"date":"2025-01-29T13:31:58","date_gmt":"2025-01-29T16:31:58","guid":{"rendered":"https:\/\/radiostudiow.com.br\/site\/?p=33429"},"modified":"2025-01-29T13:32:22","modified_gmt":"2025-01-29T16:32:22","slug":"veiculo-com-registro-de-apropriacao-indebita-e-encontrado-escondido-em-empresa-de-uniao-da-vitoria","status":"publish","type":"post","link":"https:\/\/radiostudiow.com.br\/site\/2025\/01\/29\/veiculo-com-registro-de-apropriacao-indebita-e-encontrado-escondido-em-empresa-de-uniao-da-vitoria\/","title":{"rendered":"Ve\u00edculo com registro de apropria\u00e7\u00e3o ind\u00e9bita \u00e9 encontrado escondido em empresa de Uni\u00e3o da Vit\u00f3ria"},"content":{"rendered":"\n<figure class=\"wp-block-image size-full\"><img decoding=\"async\" src=\"https:\/\/radiostudiow.com.br\/site\/wp-content\/uploads\/2024\/01\/SITE-GRANDE.png\" alt=\"\" class=\"wp-image-18949\"\/><\/figure>\n\n\n\n<p><\/p>\n\n\n\n<p style=\"font-size:21px\">Na tarde desta segunda-feira (29), por volta das 16h15, a equipe ROTAM da Pol\u00edcia Militar localizou um ve\u00edculo com registro de apropria\u00e7\u00e3o ind\u00e9bita nos fundos de uma empresa no bairro S\u00e3o Bernardo, em Uni\u00e3o da Vit\u00f3ria. O autom\u00f3vel estava escondido sob chapas de eternit e lona.<\/p>\n\n\n\n<p style=\"font-size:21px\">A ocorr\u00eancia teve origem em Porto Uni\u00e3o (SC), onde foi registrado o boletim de apropria\u00e7\u00e3o ind\u00e9bita. Com base nessas informa\u00e7\u00f5es, os policiais realizaram dilig\u00eancias e encontraram o ve\u00edculo no local indicado.<\/p>\n\n\n\n<p style=\"font-size:21px\">Durante a abordagem, uma funcion\u00e1ria do escrit\u00f3rio da empresa informou que estava com a chave do autom\u00f3vel, a qual havia sido entregue pelo propriet\u00e1rio do estabelecimento. Segundo ela, o respons\u00e1vel pelo local pediu apenas que guardasse a chave, afirmando que retornaria para busc\u00e1-la, e alegou desconhecer qualquer irregularidade envolvendo o carro.<\/p>\n\n\n\n<p style=\"font-size:21px\">Diante dos fatos, a funcion\u00e1ria foi conduzida \u00e0 delegacia como testemunha. A v\u00edtima do crime foi orientada a comparecer \u00e0 Pol\u00edcia Civil para dar prosseguimento ao caso. As autoridades seguem com as investiga\u00e7\u00f5es para identificar os respons\u00e1veis pela apropria\u00e7\u00e3o indevida do ve\u00edculo.<\/p>\n\n\n\n<p><\/p>\n\n\n\n<figure class=\"wp-block-image size-full\"><img decoding=\"async\" src=\"https:\/\/radiostudiow.com.br\/site\/wp-content\/uploads\/2023\/08\/image-127.png\" alt=\"\" class=\"wp-image-14660\"\/><\/figure>\n","protected":false},"excerpt":{"rendered":"<p>Na tarde desta segunda-feira (29), por volta das 16h15, a equipe ROTAM da Pol\u00edcia Militar localizou um ve\u00edculo com registro de apropria\u00e7\u00e3o ind\u00e9bita nos fundos de uma empresa no bairro S\u00e3o Bernardo, em Uni\u00e3o da Vit\u00f3ria. O autom\u00f3vel estava escondido sob chapas de eternit e lona. A ocorr\u00eancia teve origem em Porto Uni\u00e3o (SC), onde [&hellip;]<\/p>\n","protected":false},"author":2,"featured_media":14208,"comment_status":"open","ping_status":"open","sticky":false,"template":"","format":"standard","meta":{"footnotes":""},"categories":[2,185],"tags":[],"class_list":["post-33429","post","type-post","status-publish","format-standard","has-post-thumbnail","hentry","category-policial","category-regional"],"amp_enabled":true,"_links":{"self":[{"href":"https:\/\/radiostudiow.com.br\/site\/wp-json\/wp\/v2\/posts\/33429","targetHints":{"allow":["GET"]}}],"collection":[{"href":"https:\/\/radiostudiow.com.br\/site\/wp-json\/wp\/v2\/posts"}],"about":[{"href":"https:\/\/radiostudiow.com.br\/site\/wp-json\/wp\/v2\/types\/post"}],"author":[{"embeddable":true,"href":"https:\/\/radiostudiow.com.br\/site\/wp-json\/wp\/v2\/users\/2"}],"replies":[{"embeddable":true,"href":"https:\/\/radiostudiow.com.br\/site\/wp-json\/wp\/v2\/comments?post=33429"}],"version-history":[{"count":1,"href":"https:\/\/radiostudiow.com.br\/site\/wp-json\/wp\/v2\/posts\/33429\/revisions"}],"predecessor-version":[{"id":33446,"href":"https:\/\/radiostudiow.com.br\/site\/wp-json\/wp\/v2\/posts\/33429\/revisions\/33446"}],"wp:featuredmedia":[{"embeddable":true,"href":"https:\/\/radiostudiow.com.br\/site\/wp-json\/wp\/v2\/media\/14208"}],"wp:attachment":[{"href":"https:\/\/radiostudiow.com.br\/site\/wp-json\/wp\/v2\/media?parent=33429"}],"wp:term":[{"taxonomy":"category","embeddable":true,"href":"https:\/\/radiostudiow.com.br\/site\/wp-json\/wp\/v2\/categories?post=33429"},{"taxonomy":"post_tag","embeddable":true,"href":"https:\/\/radiostudiow.com.br\/site\/wp-json\/wp\/v2\/tags?post=33429"}],"curies":[{"name":"wp","href":"https:\/\/api.w.org\/{rel}","templated":true}]}}