{"id":33431,"date":"2025-01-29T13:39:25","date_gmt":"2025-01-29T16:39:25","guid":{"rendered":"https:\/\/radiostudiow.com.br\/site\/?p=33431"},"modified":"2025-01-29T14:45:00","modified_gmt":"2025-01-29T17:45:00","slug":"veiculo-abandonado-com-objetos-furtados-e-localizado-em-irati","status":"publish","type":"post","link":"https:\/\/radiostudiow.com.br\/site\/2025\/01\/29\/veiculo-abandonado-com-objetos-furtados-e-localizado-em-irati\/","title":{"rendered":"Ve\u00edculo abandonado com objetos furtados \u00e9 localizado em Irati"},"content":{"rendered":"\n<figure class=\"wp-block-image size-full\"><img decoding=\"async\" src=\"https:\/\/radiostudiow.com.br\/site\/wp-content\/uploads\/2024\/01\/SITE-GRANDE.png\" alt=\"\" class=\"wp-image-18949\"\/><\/figure>\n\n\n\n<p><\/p>\n\n\n\n<p style=\"font-size:21px\">A equipe da 8\u00aa CIPM se deslocou, na ter\u00e7a-feira (28), at\u00e9 a localidade rural de Rio Preto, \u00e0s 18h30, pois segundo o solicitante havia um ve\u00edculo abandonado em meio a uma regi\u00e3o de mata.<\/p>\n\n\n\n<p style=\"font-size:21px\">No local foi constatado a presen\u00e7a de um ve\u00edculo Modelo Parati de cor vermelha. Em busca no interior do ve\u00edculo foi localizado um botij\u00e3o de g\u00e1s, uma ro\u00e7adeira, uma caixa de som, uma grelha, uma chaleira el\u00e9trica e um taxo de ferro.<\/p>\n\n\n\n<p style=\"font-size:21px\">Sendo que, na segunda-feira (27), ocorreu um Furto qualificado na cidade de Fernandes Pinheiro, onde o ve\u00edculo utilizado no furto e os objetos localizados no interior coincidem com os objetos furtados.<\/p>\n\n\n\n<p style=\"font-size:21px\">O ve\u00edculo foi removido guinchado at\u00e9 a sede da 8\u00aa CIPM de Irati para posteriores encaminhamento a delegacia de Teixeira Soares.<\/p>\n\n\n\n<p>Informa\u00e7\u00f5es: Folha de Irati<\/p>\n\n\n\n<p><\/p>\n\n\n\n<figure class=\"wp-block-image size-large\"><img loading=\"lazy\" decoding=\"async\" width=\"768\" height=\"1024\" src=\"https:\/\/radiostudiow.com.br\/site\/wp-content\/uploads\/2025\/01\/image-136-768x1024.png\" alt=\"\" class=\"wp-image-33438\" srcset=\"https:\/\/radiostudiow.com.br\/site\/wp-content\/uploads\/2025\/01\/image-136-768x1024.png 768w, https:\/\/radiostudiow.com.br\/site\/wp-content\/uploads\/2025\/01\/image-136-225x300.png 225w, https:\/\/radiostudiow.com.br\/site\/wp-content\/uploads\/2025\/01\/image-136.png 867w\" sizes=\"auto, (max-width: 768px) 100vw, 768px\" \/><\/figure>\n\n\n\n<p>Fonte: Alvorada FM<\/p>\n\n\n\n<p><\/p>\n\n\n\n<figure class=\"wp-block-image size-full\"><img loading=\"lazy\" decoding=\"async\" width=\"897\" height=\"204\" src=\"https:\/\/radiostudiow.com.br\/site\/wp-content\/uploads\/2025\/01\/SITE-GRANDE4.png\" alt=\"\" class=\"wp-image-32888\" srcset=\"https:\/\/radiostudiow.com.br\/site\/wp-content\/uploads\/2025\/01\/SITE-GRANDE4.png 897w, https:\/\/radiostudiow.com.br\/site\/wp-content\/uploads\/2025\/01\/SITE-GRANDE4-300x68.png 300w, https:\/\/radiostudiow.com.br\/site\/wp-content\/uploads\/2025\/01\/SITE-GRANDE4-768x175.png 768w\" sizes=\"auto, (max-width: 897px) 100vw, 897px\" \/><\/figure>\n","protected":false},"excerpt":{"rendered":"<p>A equipe da 8\u00aa CIPM se deslocou, na ter\u00e7a-feira (28), at\u00e9 a localidade rural de Rio Preto, \u00e0s 18h30, pois segundo o solicitante havia um ve\u00edculo abandonado em meio a uma regi\u00e3o de mata. No local foi constatado a presen\u00e7a de um ve\u00edculo Modelo Parati de cor vermelha. Em busca no interior do ve\u00edculo foi [&hellip;]<\/p>\n","protected":false},"author":2,"featured_media":33438,"comment_status":"open","ping_status":"open","sticky":false,"template":"","format":"standard","meta":{"footnotes":""},"categories":[2,185],"tags":[172],"class_list":["post-33431","post","type-post","status-publish","format-standard","has-post-thumbnail","hentry","category-policial","category-regional","tag-featured"],"amp_enabled":true,"_links":{"self":[{"href":"https:\/\/radiostudiow.com.br\/site\/wp-json\/wp\/v2\/posts\/33431","targetHints":{"allow":["GET"]}}],"collection":[{"href":"https:\/\/radiostudiow.com.br\/site\/wp-json\/wp\/v2\/posts"}],"about":[{"href":"https:\/\/radiostudiow.com.br\/site\/wp-json\/wp\/v2\/types\/post"}],"author":[{"embeddable":true,"href":"https:\/\/radiostudiow.com.br\/site\/wp-json\/wp\/v2\/users\/2"}],"replies":[{"embeddable":true,"href":"https:\/\/radiostudiow.com.br\/site\/wp-json\/wp\/v2\/comments?post=33431"}],"version-history":[{"count":4,"href":"https:\/\/radiostudiow.com.br\/site\/wp-json\/wp\/v2\/posts\/33431\/revisions"}],"predecessor-version":[{"id":33455,"href":"https:\/\/radiostudiow.com.br\/site\/wp-json\/wp\/v2\/posts\/33431\/revisions\/33455"}],"wp:featuredmedia":[{"embeddable":true,"href":"https:\/\/radiostudiow.com.br\/site\/wp-json\/wp\/v2\/media\/33438"}],"wp:attachment":[{"href":"https:\/\/radiostudiow.com.br\/site\/wp-json\/wp\/v2\/media?parent=33431"}],"wp:term":[{"taxonomy":"category","embeddable":true,"href":"https:\/\/radiostudiow.com.br\/site\/wp-json\/wp\/v2\/categories?post=33431"},{"taxonomy":"post_tag","embeddable":true,"href":"https:\/\/radiostudiow.com.br\/site\/wp-json\/wp\/v2\/tags?post=33431"}],"curies":[{"name":"wp","href":"https:\/\/api.w.org\/{rel}","templated":true}]}}