{"id":33432,"date":"2025-01-29T11:13:25","date_gmt":"2025-01-29T14:13:25","guid":{"rendered":"https:\/\/radiostudiow.com.br\/site\/?p=33432"},"modified":"2025-01-29T11:13:25","modified_gmt":"2025-01-29T14:13:25","slug":"colisao-entre-caminhoes-causou-interdicao-total-na-br-277-entre-prudentopolis-e-irati","status":"publish","type":"post","link":"https:\/\/radiostudiow.com.br\/site\/2025\/01\/29\/colisao-entre-caminhoes-causou-interdicao-total-na-br-277-entre-prudentopolis-e-irati\/","title":{"rendered":"Colis\u00e3o entre caminh\u00f5es causou interdi\u00e7\u00e3o total na BR-277, entre Prudent\u00f3polis e Irati"},"content":{"rendered":"\n<figure class=\"wp-block-image size-full\"><img loading=\"lazy\" decoding=\"async\" width=\"900\" height=\"408\" src=\"https:\/\/radiostudiow.com.br\/site\/wp-content\/uploads\/2025\/01\/SITE-E-TV.png\" alt=\"\" class=\"wp-image-33052\" srcset=\"https:\/\/radiostudiow.com.br\/site\/wp-content\/uploads\/2025\/01\/SITE-E-TV.png 900w, https:\/\/radiostudiow.com.br\/site\/wp-content\/uploads\/2025\/01\/SITE-E-TV-300x136.png 300w, https:\/\/radiostudiow.com.br\/site\/wp-content\/uploads\/2025\/01\/SITE-E-TV-768x348.png 768w\" sizes=\"auto, (max-width: 900px) 100vw, 900px\" \/><\/figure>\n\n\n\n<p><\/p>\n\n\n\n<p style=\"font-size:21px\">Na tarde desta ter\u00e7a-feira (28), por volta das 15h, um acidente envolvendo dois caminh\u00f5es foi registrado no km 276 da BR-277, no trecho entre as cidades de Prudent\u00f3polis e Irati. A colis\u00e3o lateral, que envolveu um caminh\u00e3o Iveco Stralis, de placas de Tuneiras do Oeste\/PR, e um Volvo FH, de placas de Cascavel\/PR, causou a interdi\u00e7\u00e3o total da rodovia, interrompendo o tr\u00e1fego na regi\u00e3o.<\/p>\n\n\n\n<p style=\"font-size:21px\">Felizmente, o acidente n\u00e3o resultou em v\u00edtimas. Ambos os motoristas realizaram o teste do etil\u00f4metro, que deu negativo para presen\u00e7a de \u00e1lcool no organismo.<\/p>\n\n\n\n<p style=\"font-size:21px\">Ap\u00f3s o trabalho das equipes de resgate e a remo\u00e7\u00e3o dos ve\u00edculos, a pista foi totalmente liberada por volta das 17h, permitindo a normaliza\u00e7\u00e3o do fluxo de ve\u00edculos na rodovia.<\/p>\n\n\n\n<p style=\"font-size:21px\">A Pol\u00edcia Rodovi\u00e1ria Federal (PRF) segue investigando as causas do acidente.<\/p>\n\n\n\n<p><\/p>\n\n\n\n<figure class=\"wp-block-image size-large\"><img loading=\"lazy\" decoding=\"async\" width=\"1024\" height=\"682\" src=\"https:\/\/radiostudiow.com.br\/site\/wp-content\/uploads\/2025\/01\/image-135-1024x682.png\" alt=\"\" class=\"wp-image-33437\" srcset=\"https:\/\/radiostudiow.com.br\/site\/wp-content\/uploads\/2025\/01\/image-135-1024x682.png 1024w, https:\/\/radiostudiow.com.br\/site\/wp-content\/uploads\/2025\/01\/image-135-300x200.png 300w, https:\/\/radiostudiow.com.br\/site\/wp-content\/uploads\/2025\/01\/image-135-768x512.png 768w, https:\/\/radiostudiow.com.br\/site\/wp-content\/uploads\/2025\/01\/image-135-1536x1023.png 1536w, https:\/\/radiostudiow.com.br\/site\/wp-content\/uploads\/2025\/01\/image-135.png 1600w\" sizes=\"auto, (max-width: 1024px) 100vw, 1024px\" \/><\/figure>\n\n\n\n<p>Informa\u00e7\u00f5es: Alvorada FM<\/p>\n\n\n\n<p><\/p>\n\n\n\n<figure class=\"wp-block-image size-full\"><img decoding=\"async\" src=\"https:\/\/radiostudiow.com.br\/site\/wp-content\/uploads\/2023\/08\/image-127.png\" alt=\"\" class=\"wp-image-14660\"\/><\/figure>\n","protected":false},"excerpt":{"rendered":"<p>Na tarde desta ter\u00e7a-feira (28), por volta das 15h, um acidente envolvendo dois caminh\u00f5es foi registrado no km 276 da BR-277, no trecho entre as cidades de Prudent\u00f3polis e Irati. A colis\u00e3o lateral, que envolveu um caminh\u00e3o Iveco Stralis, de placas de Tuneiras do Oeste\/PR, e um Volvo FH, de placas de Cascavel\/PR, causou a [&hellip;]<\/p>\n","protected":false},"author":2,"featured_media":33437,"comment_status":"open","ping_status":"open","sticky":false,"template":"","format":"standard","meta":{"footnotes":""},"categories":[185],"tags":[172],"class_list":["post-33432","post","type-post","status-publish","format-standard","has-post-thumbnail","hentry","category-regional","tag-featured"],"amp_enabled":true,"_links":{"self":[{"href":"https:\/\/radiostudiow.com.br\/site\/wp-json\/wp\/v2\/posts\/33432","targetHints":{"allow":["GET"]}}],"collection":[{"href":"https:\/\/radiostudiow.com.br\/site\/wp-json\/wp\/v2\/posts"}],"about":[{"href":"https:\/\/radiostudiow.com.br\/site\/wp-json\/wp\/v2\/types\/post"}],"author":[{"embeddable":true,"href":"https:\/\/radiostudiow.com.br\/site\/wp-json\/wp\/v2\/users\/2"}],"replies":[{"embeddable":true,"href":"https:\/\/radiostudiow.com.br\/site\/wp-json\/wp\/v2\/comments?post=33432"}],"version-history":[{"count":1,"href":"https:\/\/radiostudiow.com.br\/site\/wp-json\/wp\/v2\/posts\/33432\/revisions"}],"predecessor-version":[{"id":33441,"href":"https:\/\/radiostudiow.com.br\/site\/wp-json\/wp\/v2\/posts\/33432\/revisions\/33441"}],"wp:featuredmedia":[{"embeddable":true,"href":"https:\/\/radiostudiow.com.br\/site\/wp-json\/wp\/v2\/media\/33437"}],"wp:attachment":[{"href":"https:\/\/radiostudiow.com.br\/site\/wp-json\/wp\/v2\/media?parent=33432"}],"wp:term":[{"taxonomy":"category","embeddable":true,"href":"https:\/\/radiostudiow.com.br\/site\/wp-json\/wp\/v2\/categories?post=33432"},{"taxonomy":"post_tag","embeddable":true,"href":"https:\/\/radiostudiow.com.br\/site\/wp-json\/wp\/v2\/tags?post=33432"}],"curies":[{"name":"wp","href":"https:\/\/api.w.org\/{rel}","templated":true}]}}