{"id":33434,"date":"2025-01-29T13:41:05","date_gmt":"2025-01-29T16:41:05","guid":{"rendered":"https:\/\/radiostudiow.com.br\/site\/?p=33434"},"modified":"2025-01-29T13:41:05","modified_gmt":"2025-01-29T16:41:05","slug":"pre-de-sao-mateus-do-sul-registra-82-ocorrencias-e-10-obitos-em-2024","status":"publish","type":"post","link":"https:\/\/radiostudiow.com.br\/site\/2025\/01\/29\/pre-de-sao-mateus-do-sul-registra-82-ocorrencias-e-10-obitos-em-2024\/","title":{"rendered":"PRE de S\u00e3o Mateus do Sul registra 82 ocorr\u00eancias e 10 \u00f3bitos em 2024"},"content":{"rendered":"\n<p><\/p>\n\n\n\n<figure class=\"wp-block-image size-full\"><img loading=\"lazy\" decoding=\"async\" width=\"900\" height=\"205\" src=\"https:\/\/radiostudiow.com.br\/site\/wp-content\/uploads\/2024\/03\/bannertijolao-e1733625657395.jpg\" alt=\"\" class=\"wp-image-20494\" srcset=\"https:\/\/radiostudiow.com.br\/site\/wp-content\/uploads\/2024\/03\/bannertijolao-e1733625657395.jpg 900w, https:\/\/radiostudiow.com.br\/site\/wp-content\/uploads\/2024\/03\/bannertijolao-e1733625657395-300x68.jpg 300w, https:\/\/radiostudiow.com.br\/site\/wp-content\/uploads\/2024\/03\/bannertijolao-e1733625657395-768x175.jpg 768w\" sizes=\"auto, (max-width: 900px) 100vw, 900px\" \/><\/figure>\n\n\n\n<figure class=\"wp-block-image size-full\"><img loading=\"lazy\" decoding=\"async\" width=\"897\" height=\"204\" src=\"https:\/\/radiostudiow.com.br\/site\/wp-content\/uploads\/2024\/08\/TIJOLAO.png\" alt=\"\" class=\"wp-image-25951\" srcset=\"https:\/\/radiostudiow.com.br\/site\/wp-content\/uploads\/2024\/08\/TIJOLAO.png 897w, https:\/\/radiostudiow.com.br\/site\/wp-content\/uploads\/2024\/08\/TIJOLAO-300x68.png 300w, https:\/\/radiostudiow.com.br\/site\/wp-content\/uploads\/2024\/08\/TIJOLAO-768x175.png 768w\" sizes=\"auto, (max-width: 897px) 100vw, 897px\" \/><\/figure>\n\n\n\n<p><\/p>\n\n\n\n<p style=\"font-size:21px\">A Pol\u00edcia Rodovi\u00e1ria Estadual (PRE) de S\u00e3o Mateus do Sul divulgou nesta segunda-feira (28) um relat\u00f3rio detalhado sobre os acidentes registrados nas rodovias estaduais sob sua jurisdi\u00e7\u00e3o durante o ano de 2024. <strong>Ao todo, foram 82 ocorr\u00eancias, resultando em 10 \u00f3bitos e dezenas de feridos.<\/strong> O levantamento destaca os trechos mais cr\u00edticos da regi\u00e3o.<\/p>\n\n\n\n<p style=\"font-size:25px\"><strong>Trecho S\u00e3o Mateus do Sul \u2013 Uni\u00e3o da Vit\u00f3ria<\/strong><\/p>\n\n\n\n<p style=\"font-size:21px\">Este foi o mais movimentado em termos de ocorr\u00eancias, registrando 63 acidentes. Entre os envolvidos, 15 sa\u00edram ilesos, 25 sofreram ferimentos leves ou graves, e 10 perderam a vida, sendo tr\u00eas \u00f3bitos no local do acidente.<\/p>\n\n\n\n<p style=\"font-size:25px\"><strong>Trecho S\u00e3o Mateus do Sul \u2013 Tr\u00eas Barras<\/strong><\/p>\n\n\n\n<p style=\"font-size:21px\">Sete acidentes ocorreram nesse trecho, envolvendo 13 pessoas. Destas, seis sa\u00edram ilesas, cinco ficaram feridas e duas faleceram. Um dos \u00f3bitos aconteceu no local, enquanto o outro foi registrado ap\u00f3s o atendimento m\u00e9dico.<\/p>\n\n\n\n<p style=\"font-size:25px\"><strong>Trecho Ant\u00f4nio Olinto \u2013 S\u00e3o Mateus do Sul<\/strong><\/p>\n\n\n\n<p style=\"font-size:21px\">Tr\u00eas ocorr\u00eancias foram registradas neste trecho, com oito feridos e uma morte. Entre os envolvidos, dois sa\u00edram ilesos, e o \u00f3bito foi confirmado no local do acidente.<\/p>\n\n\n\n<p style=\"font-size:25px\"><strong>Trecho S\u00e3o Mateus do Sul \u2013 Rebou\u00e7as<\/strong><\/p>\n\n\n\n<p style=\"font-size:21px\">Com nove acidentes ao longo de 2024, o trecho contabilizou seis feridos e dois \u00f3bitos. Dos envolvidos, oito escaparam sem ferimentos, e os dois falecimentos ocorreram no local dos acidentes.<\/p>\n\n\n\n<p style=\"font-size:25px\"><strong>Trecho PR-281 (Rio Claro do Sul \u2013 Mallet)<\/strong><\/p>\n\n\n\n<p style=\"font-size:21px\">Embora considerado uma rota importante, o trecho da PR-281, que liga a BR-476 a Rio Claro do Sul e Mallet, n\u00e3o registrou nenhuma ocorr\u00eancia em 2024.<\/p>\n\n\n\n<p><\/p>\n\n\n\n<p>Informa\u00e7\u00f5es: p97.com.br e VVale<\/p>\n\n\n\n<p><\/p>\n\n\n\n<figure class=\"wp-block-gallery has-nested-images columns-default is-cropped wp-block-gallery-1 is-layout-flex wp-block-gallery-is-layout-flex\">\n<figure class=\"wp-block-image size-large\"><img loading=\"lazy\" decoding=\"async\" width=\"300\" height=\"180\" data-id=\"32894\" src=\"https:\/\/radiostudiow.com.br\/site\/wp-content\/uploads\/2025\/01\/SITE-PEQUENO2.png\" alt=\"\" class=\"wp-image-32894\"\/><\/figure>\n\n\n\n<figure class=\"wp-block-image size-large\"><img loading=\"lazy\" decoding=\"async\" width=\"300\" height=\"180\" data-id=\"32851\" src=\"https:\/\/radiostudiow.com.br\/site\/wp-content\/uploads\/2025\/01\/SITE-PEQUENO3.png\" alt=\"\" class=\"wp-image-32851\"\/><\/figure>\n\n\n\n<figure class=\"wp-block-image size-large\"><img loading=\"lazy\" decoding=\"async\" width=\"300\" height=\"180\" data-id=\"32833\" src=\"https:\/\/radiostudiow.com.br\/site\/wp-content\/uploads\/2025\/01\/SITE-PEQUENO.png\" alt=\"\" class=\"wp-image-32833\"\/><\/figure>\n<\/figure>\n","protected":false},"excerpt":{"rendered":"<p>A Pol\u00edcia Rodovi\u00e1ria Estadual (PRE) de S\u00e3o Mateus do Sul divulgou nesta segunda-feira (28) um relat\u00f3rio detalhado sobre os acidentes registrados nas rodovias estaduais sob sua jurisdi\u00e7\u00e3o durante o ano de 2024. Ao todo, foram 82 ocorr\u00eancias, resultando em 10 \u00f3bitos e dezenas de feridos. O levantamento destaca os trechos mais cr\u00edticos da regi\u00e3o. Trecho [&hellip;]<\/p>\n","protected":false},"author":2,"featured_media":0,"comment_status":"open","ping_status":"open","sticky":false,"template":"","format":"standard","meta":{"footnotes":""},"categories":[7],"tags":[172],"class_list":["post-33434","post","type-post","status-publish","format-standard","hentry","category-geral","tag-featured"],"amp_enabled":true,"_links":{"self":[{"href":"https:\/\/radiostudiow.com.br\/site\/wp-json\/wp\/v2\/posts\/33434","targetHints":{"allow":["GET"]}}],"collection":[{"href":"https:\/\/radiostudiow.com.br\/site\/wp-json\/wp\/v2\/posts"}],"about":[{"href":"https:\/\/radiostudiow.com.br\/site\/wp-json\/wp\/v2\/types\/post"}],"author":[{"embeddable":true,"href":"https:\/\/radiostudiow.com.br\/site\/wp-json\/wp\/v2\/users\/2"}],"replies":[{"embeddable":true,"href":"https:\/\/radiostudiow.com.br\/site\/wp-json\/wp\/v2\/comments?post=33434"}],"version-history":[{"count":1,"href":"https:\/\/radiostudiow.com.br\/site\/wp-json\/wp\/v2\/posts\/33434\/revisions"}],"predecessor-version":[{"id":33449,"href":"https:\/\/radiostudiow.com.br\/site\/wp-json\/wp\/v2\/posts\/33434\/revisions\/33449"}],"wp:attachment":[{"href":"https:\/\/radiostudiow.com.br\/site\/wp-json\/wp\/v2\/media?parent=33434"}],"wp:term":[{"taxonomy":"category","embeddable":true,"href":"https:\/\/radiostudiow.com.br\/site\/wp-json\/wp\/v2\/categories?post=33434"},{"taxonomy":"post_tag","embeddable":true,"href":"https:\/\/radiostudiow.com.br\/site\/wp-json\/wp\/v2\/tags?post=33434"}],"curies":[{"name":"wp","href":"https:\/\/api.w.org\/{rel}","templated":true}]}}