{"id":33442,"date":"2025-01-29T12:05:58","date_gmt":"2025-01-29T15:05:58","guid":{"rendered":"https:\/\/radiostudiow.com.br\/site\/?p=33442"},"modified":"2025-01-29T15:06:23","modified_gmt":"2025-01-29T18:06:23","slug":"pai-adotivo-tenta-suicidio-e-levanta-suspeita-de-envolvimento-na-morte-de-pamela","status":"publish","type":"post","link":"https:\/\/radiostudiow.com.br\/site\/2025\/01\/29\/pai-adotivo-tenta-suicidio-e-levanta-suspeita-de-envolvimento-na-morte-de-pamela\/","title":{"rendered":"Pai adotivo tenta suic\u00eddio e levanta suspeita de envolvimento na morte de Pamela"},"content":{"rendered":"\n<p><\/p>\n\n\n\n<figure class=\"wp-block-image size-full\"><img loading=\"lazy\" decoding=\"async\" width=\"897\" height=\"204\" src=\"https:\/\/radiostudiow.com.br\/site\/wp-content\/uploads\/2024\/01\/SITE-GRANDE3.png\" alt=\"zaions\" class=\"wp-image-18936\" srcset=\"https:\/\/radiostudiow.com.br\/site\/wp-content\/uploads\/2024\/01\/SITE-GRANDE3.png 897w, https:\/\/radiostudiow.com.br\/site\/wp-content\/uploads\/2024\/01\/SITE-GRANDE3-300x68.png 300w, https:\/\/radiostudiow.com.br\/site\/wp-content\/uploads\/2024\/01\/SITE-GRANDE3-768x175.png 768w\" sizes=\"auto, (max-width: 897px) 100vw, 897px\" \/><\/figure>\n\n\n\n<p><\/p>\n\n\n\n<p style=\"font-size:21px\">Adenir Rodrigues da Silva, de 36 anos, pai adotivo da jovem Pamela Gabriely Lins que foi encontrada morta na segunda-feira, 27, em General Carneiro, est\u00e1 internado em estado grave ap\u00f3s tentar tirar a pr\u00f3pria vida na manh\u00e3 desta quarta-feira, 29.<\/p>\n\n\n\n<p style=\"font-size:21px\">Segundo as primeiras informa\u00e7\u00f5es, Adenir atirou contra si dentro de sua resid\u00eancia no bairro S\u00e3o Miguel. Ele foi socorrido pela equipe do SAMU, recebeu os primeiros socorros, foi entubado e ser\u00e1 transferido para outra unidade hospitalar. Seu estado de sa\u00fade \u00e9 considerado grave.<\/p>\n\n\n\n<p style=\"font-size:21px\">O caso segue sob investiga\u00e7\u00e3o da Pol\u00edcia. Inclusive, foi o pr\u00f3prio Adenir quem procurou a Pol\u00edcia Militar para relatar o desaparecimento da jovem na segunda-feira.<\/p>\n\n\n\n<p style=\"font-size:21px\">As autoridades continuam apurando os fatos para esclarecer os acontecimentos que levaram \u00e0s duas ocorr\u00eancias tr\u00e1gicas. O delegado chefe da Pol\u00edcia Civil de Uni\u00e3o da Vit\u00f3ria, Douglas Possebom e Freitas, respons\u00e1vel pelo caso, afirmou que as investiga\u00e7\u00f5es apontam para um poss\u00edvel homic\u00eddio.<\/p>\n\n\n\n<p style=\"font-size:21px\">Ele acabou falecendo na tarde desta quarta-feira em um Hospital em Uni\u00e3o da Vit\u00f3ria:<\/p>\n\n\n\n<figure class=\"wp-block-embed is-type-wp-embed is-provider-studio-w wp-block-embed-studio-w\"><div class=\"wp-block-embed__wrapper\">\n<blockquote class=\"wp-embedded-content\" data-secret=\"VncIzYDWeg\"><a href=\"https:\/\/radiostudiow.com.br\/site\/2025\/01\/29\/morre-no-hospital-de-uniao-da-vitoria-homem-que-atentou-contra-propria-vida-em-general-carneiro\/\">Morre no hospital de Uni\u00e3o da Vit\u00f3ria homem que atentou contra pr\u00f3pria vida em General Carneiro<\/a><\/blockquote><iframe loading=\"lazy\" class=\"wp-embedded-content\" sandbox=\"allow-scripts\" security=\"restricted\" style=\"position: absolute; visibility: hidden;\" title=\"&#8220;Morre no hospital de Uni\u00e3o da Vit\u00f3ria homem que atentou contra pr\u00f3pria vida em General Carneiro&#8221; &#8212; Studio W\" src=\"https:\/\/radiostudiow.com.br\/site\/2025\/01\/29\/morre-no-hospital-de-uniao-da-vitoria-homem-que-atentou-contra-propria-vida-em-general-carneiro\/embed\/#?secret=qJRe5NAiNO#?secret=VncIzYDWeg\" data-secret=\"VncIzYDWeg\" width=\"600\" height=\"338\" frameborder=\"0\" marginwidth=\"0\" marginheight=\"0\" scrolling=\"no\"><\/iframe>\n<\/div><\/figure>\n\n\n\n<p><\/p>\n\n\n\n<figure class=\"wp-block-image size-full\"><img loading=\"lazy\" decoding=\"async\" width=\"598\" height=\"204\" src=\"https:\/\/radiostudiow.com.br\/site\/wp-content\/uploads\/2025\/01\/SITE-MEDIO7.png\" alt=\"\" class=\"wp-image-32801\" srcset=\"https:\/\/radiostudiow.com.br\/site\/wp-content\/uploads\/2025\/01\/SITE-MEDIO7.png 598w, https:\/\/radiostudiow.com.br\/site\/wp-content\/uploads\/2025\/01\/SITE-MEDIO7-300x102.png 300w\" sizes=\"auto, (max-width: 598px) 100vw, 598px\" \/><\/figure>\n","protected":false},"excerpt":{"rendered":"<p>Adenir Rodrigues da Silva, de 36 anos, pai adotivo da jovem Pamela Gabriely Lins que foi encontrada morta na segunda-feira, 27, em General Carneiro, est\u00e1 internado em estado grave ap\u00f3s tentar tirar a pr\u00f3pria vida na manh\u00e3 desta quarta-feira, 29. Segundo as primeiras informa\u00e7\u00f5es, Adenir atirou contra si dentro de sua resid\u00eancia no bairro S\u00e3o [&hellip;]<\/p>\n","protected":false},"author":2,"featured_media":33443,"comment_status":"open","ping_status":"open","sticky":false,"template":"","format":"standard","meta":{"footnotes":""},"categories":[2,185],"tags":[172],"class_list":["post-33442","post","type-post","status-publish","format-standard","has-post-thumbnail","hentry","category-policial","category-regional","tag-featured"],"amp_enabled":true,"_links":{"self":[{"href":"https:\/\/radiostudiow.com.br\/site\/wp-json\/wp\/v2\/posts\/33442","targetHints":{"allow":["GET"]}}],"collection":[{"href":"https:\/\/radiostudiow.com.br\/site\/wp-json\/wp\/v2\/posts"}],"about":[{"href":"https:\/\/radiostudiow.com.br\/site\/wp-json\/wp\/v2\/types\/post"}],"author":[{"embeddable":true,"href":"https:\/\/radiostudiow.com.br\/site\/wp-json\/wp\/v2\/users\/2"}],"replies":[{"embeddable":true,"href":"https:\/\/radiostudiow.com.br\/site\/wp-json\/wp\/v2\/comments?post=33442"}],"version-history":[{"count":2,"href":"https:\/\/radiostudiow.com.br\/site\/wp-json\/wp\/v2\/posts\/33442\/revisions"}],"predecessor-version":[{"id":33461,"href":"https:\/\/radiostudiow.com.br\/site\/wp-json\/wp\/v2\/posts\/33442\/revisions\/33461"}],"wp:featuredmedia":[{"embeddable":true,"href":"https:\/\/radiostudiow.com.br\/site\/wp-json\/wp\/v2\/media\/33443"}],"wp:attachment":[{"href":"https:\/\/radiostudiow.com.br\/site\/wp-json\/wp\/v2\/media?parent=33442"}],"wp:term":[{"taxonomy":"category","embeddable":true,"href":"https:\/\/radiostudiow.com.br\/site\/wp-json\/wp\/v2\/categories?post=33442"},{"taxonomy":"post_tag","embeddable":true,"href":"https:\/\/radiostudiow.com.br\/site\/wp-json\/wp\/v2\/tags?post=33442"}],"curies":[{"name":"wp","href":"https:\/\/api.w.org\/{rel}","templated":true}]}}