{"id":33451,"date":"2025-01-29T14:03:32","date_gmt":"2025-01-29T17:03:32","guid":{"rendered":"https:\/\/radiostudiow.com.br\/site\/?p=33451"},"modified":"2025-01-31T14:53:23","modified_gmt":"2025-01-31T17:53:23","slug":"motocicleta-com-sinal-identificador-adulterado-e-apreendida-em-reboucas","status":"publish","type":"post","link":"https:\/\/radiostudiow.com.br\/site\/2025\/01\/29\/motocicleta-com-sinal-identificador-adulterado-e-apreendida-em-reboucas\/","title":{"rendered":"Motocicleta com sinal identificador adulterado \u00e9 apreendida em Rebou\u00e7as"},"content":{"rendered":"\n<p><\/p>\n\n\n\n<figure class=\"wp-block-image size-full\"><img decoding=\"async\" src=\"https:\/\/radiostudiow.com.br\/site\/wp-content\/uploads\/2024\/01\/SITE-GRANDE.png\" alt=\"\" class=\"wp-image-18949\"\/><\/figure>\n\n\n\n<p><\/p>\n\n\n\n<p style=\"font-size:21px\">Na noite de ter\u00e7a-feira (28), por volta das 23h16min, uma equipe policial em patrulhamento pelo centro de Rebou\u00e7as abordou uma motocicleta Honda Cb 300 de cor vermelha. Durante a revista pessoal, nada de il\u00edcito foi encontrado com o condutor, mas ao realizar a vistoria na motocicleta, os policiais constataram uma irregularidade.<\/p>\n\n\n\n<p style=\"font-size:21px\">Ao consultar a placa, foi identificado que a motocicleta era, na verdade, uma Honda Cb 300 de cor branca, registrada no munic\u00edpio de S\u00e3o Mateus do Sul-PR. Al\u00e9m disso, os policiais perceberam que a numera\u00e7\u00e3o do chassi estava parcialmente suprimida e o n\u00famero do motor era inv\u00e1lido, caracterizando a adultera\u00e7\u00e3o do sinal identificador do ve\u00edculo.<\/p>\n\n\n\n<p style=\"font-size:21px\">Diante da constata\u00e7\u00e3o, o condutor foi preso em flagrante. Ap\u00f3s ser conduzido \u00e0 L.L.C., ele foi encaminhado \u00e0 41\u00aa Delegacia Regional de Pol\u00edcia (DRP) de Irati. A motocicleta foi recolhida e encaminhada ao p\u00e1tio do 2\u00ba Pelot\u00e3o, sendo posteriormente transferida para a delegacia de Rebou\u00e7as para as devidas provid\u00eancias.<\/p>\n\n\n\n<p style=\"font-size:21px\">A Pol\u00edcia Civil seguir\u00e1 com a investiga\u00e7\u00e3o sobre o caso.<\/p>\n\n\n\n<p>Informa\u00e7\u00f5es: Alvorada FM<\/p>\n\n\n\n<p><\/p>\n\n\n\n<figure class=\"wp-block-image size-full\"><img loading=\"lazy\" decoding=\"async\" width=\"598\" height=\"204\" src=\"https:\/\/radiostudiow.com.br\/site\/wp-content\/uploads\/2023\/12\/SITE-MEDIO4.png\" alt=\"\" class=\"wp-image-17598\" srcset=\"https:\/\/radiostudiow.com.br\/site\/wp-content\/uploads\/2023\/12\/SITE-MEDIO4.png 598w, https:\/\/radiostudiow.com.br\/site\/wp-content\/uploads\/2023\/12\/SITE-MEDIO4-300x102.png 300w\" sizes=\"auto, (max-width: 598px) 100vw, 598px\" \/><\/figure>\n","protected":false},"excerpt":{"rendered":"<p>Na noite de ter\u00e7a-feira (28), por volta das 23h16min, uma equipe policial em patrulhamento pelo centro de Rebou\u00e7as abordou uma motocicleta Honda Cb 300 de cor vermelha. Durante a revista pessoal, nada de il\u00edcito foi encontrado com o condutor, mas ao realizar a vistoria na motocicleta, os policiais constataram uma irregularidade. Ao consultar a placa, [&hellip;]<\/p>\n","protected":false},"author":2,"featured_media":33452,"comment_status":"open","ping_status":"open","sticky":false,"template":"","format":"standard","meta":{"footnotes":""},"categories":[2,185],"tags":[],"class_list":["post-33451","post","type-post","status-publish","format-standard","has-post-thumbnail","hentry","category-policial","category-regional"],"amp_enabled":true,"_links":{"self":[{"href":"https:\/\/radiostudiow.com.br\/site\/wp-json\/wp\/v2\/posts\/33451","targetHints":{"allow":["GET"]}}],"collection":[{"href":"https:\/\/radiostudiow.com.br\/site\/wp-json\/wp\/v2\/posts"}],"about":[{"href":"https:\/\/radiostudiow.com.br\/site\/wp-json\/wp\/v2\/types\/post"}],"author":[{"embeddable":true,"href":"https:\/\/radiostudiow.com.br\/site\/wp-json\/wp\/v2\/users\/2"}],"replies":[{"embeddable":true,"href":"https:\/\/radiostudiow.com.br\/site\/wp-json\/wp\/v2\/comments?post=33451"}],"version-history":[{"count":1,"href":"https:\/\/radiostudiow.com.br\/site\/wp-json\/wp\/v2\/posts\/33451\/revisions"}],"predecessor-version":[{"id":33453,"href":"https:\/\/radiostudiow.com.br\/site\/wp-json\/wp\/v2\/posts\/33451\/revisions\/33453"}],"wp:featuredmedia":[{"embeddable":true,"href":"https:\/\/radiostudiow.com.br\/site\/wp-json\/wp\/v2\/media\/33452"}],"wp:attachment":[{"href":"https:\/\/radiostudiow.com.br\/site\/wp-json\/wp\/v2\/media?parent=33451"}],"wp:term":[{"taxonomy":"category","embeddable":true,"href":"https:\/\/radiostudiow.com.br\/site\/wp-json\/wp\/v2\/categories?post=33451"},{"taxonomy":"post_tag","embeddable":true,"href":"https:\/\/radiostudiow.com.br\/site\/wp-json\/wp\/v2\/tags?post=33451"}],"curies":[{"name":"wp","href":"https:\/\/api.w.org\/{rel}","templated":true}]}}