{"id":33456,"date":"2025-01-29T14:58:42","date_gmt":"2025-01-29T17:58:42","guid":{"rendered":"https:\/\/radiostudiow.com.br\/site\/?p=33456"},"modified":"2025-01-31T14:53:23","modified_gmt":"2025-01-31T17:53:23","slug":"morre-no-hospital-de-uniao-da-vitoria-homem-que-atentou-contra-propria-vida-em-general-carneiro","status":"publish","type":"post","link":"https:\/\/radiostudiow.com.br\/site\/2025\/01\/29\/morre-no-hospital-de-uniao-da-vitoria-homem-que-atentou-contra-propria-vida-em-general-carneiro\/","title":{"rendered":"Morre no hospital de Uni\u00e3o da Vit\u00f3ria homem que atentou contra pr\u00f3pria vida em General Carneiro"},"content":{"rendered":"\n<figure class=\"wp-block-image size-full\"><img loading=\"lazy\" decoding=\"async\" width=\"897\" height=\"204\" src=\"https:\/\/radiostudiow.com.br\/site\/wp-content\/uploads\/2025\/01\/SITE-GRANDE3.png\" alt=\"\" class=\"wp-image-32900\" srcset=\"https:\/\/radiostudiow.com.br\/site\/wp-content\/uploads\/2025\/01\/SITE-GRANDE3.png 897w, https:\/\/radiostudiow.com.br\/site\/wp-content\/uploads\/2025\/01\/SITE-GRANDE3-300x68.png 300w, https:\/\/radiostudiow.com.br\/site\/wp-content\/uploads\/2025\/01\/SITE-GRANDE3-768x175.png 768w\" sizes=\"auto, (max-width: 897px) 100vw, 897px\" \/><\/figure>\n\n\n\n<p><\/p>\n\n\n\n<p style=\"font-size:21px\">Morreu no in\u00edcio da tarde desta quarta-feira, dia 29, Adenir Rodrigues da Silva, de 36 anos, morador de General Carneiro que atentou contra a pr\u00f3pria vida nesta manh\u00e3.<\/p>\n\n\n\n<p style=\"font-size:21px\">A morte ocorreu no hospital APMI em Uni\u00e3o da Vit\u00f3ria onde ele foi transferido ap\u00f3s dar entrada no Pronto Atendimento De General Carneiro em estado grav\u00edssimo.<\/p>\n\n\n\n<p style=\"font-size:21px\">Adenir era pai adotivo da adolescente de 15 anos Pamela, que foi encontrada morta na segunda-feira em General Carneiro. Ele efetuou um disparo contra si em sua casa, no momento em que ocorria o vel\u00f3rio da adolescente.<\/p>\n\n\n\n<p><\/p>\n\n\n\n<figure class=\"wp-block-image size-full\"><img loading=\"lazy\" decoding=\"async\" width=\"500\" height=\"412\" src=\"https:\/\/radiostudiow.com.br\/site\/wp-content\/uploads\/2025\/01\/image-141.png\" alt=\"\" class=\"wp-image-33458\" srcset=\"https:\/\/radiostudiow.com.br\/site\/wp-content\/uploads\/2025\/01\/image-141.png 500w, https:\/\/radiostudiow.com.br\/site\/wp-content\/uploads\/2025\/01\/image-141-300x247.png 300w\" sizes=\"auto, (max-width: 500px) 100vw, 500px\" \/><\/figure>\n\n\n\n<p><\/p>\n\n\n\n<p style=\"font-size:21px\">Conforme a Pol\u00edcia, o pai adotivo era suspeito pelo crime que teria ocorrido na resid\u00eancia no bairro S\u00e3o Miguel. No inicio da tarde desta quarta-feira, a atual namorada foi conduzida para a delegacia, visto existir a suspeita de um poss\u00edvel envolvimento.<\/p>\n\n\n\n<figure class=\"wp-block-embed is-type-wp-embed is-provider-studio-w wp-block-embed-studio-w\"><div class=\"wp-block-embed__wrapper\">\n<blockquote class=\"wp-embedded-content\" data-secret=\"3QATQKtWBp\"><a href=\"https:\/\/radiostudiow.com.br\/site\/2025\/01\/29\/pai-adotivo-tenta-suicidio-e-levanta-suspeita-de-envolvimento-na-morte-de-pamela\/\">Pai adotivo tenta suic\u00eddio e levanta suspeita de envolvimento na morte de Pamela<\/a><\/blockquote><iframe loading=\"lazy\" class=\"wp-embedded-content\" sandbox=\"allow-scripts\" security=\"restricted\" style=\"position: absolute; visibility: hidden;\" title=\"&#8220;Pai adotivo tenta suic\u00eddio e levanta suspeita de envolvimento na morte de Pamela&#8221; &#8212; Studio W\" src=\"https:\/\/radiostudiow.com.br\/site\/2025\/01\/29\/pai-adotivo-tenta-suicidio-e-levanta-suspeita-de-envolvimento-na-morte-de-pamela\/embed\/#?secret=RLJSiLcush#?secret=3QATQKtWBp\" data-secret=\"3QATQKtWBp\" width=\"600\" height=\"338\" frameborder=\"0\" marginwidth=\"0\" marginheight=\"0\" scrolling=\"no\"><\/iframe>\n<\/div><\/figure>\n\n\n\n<p>Informa\u00e7\u00f5es: Canal 4 TV<\/p>\n\n\n\n<p><\/p>\n\n\n\n<figure class=\"wp-block-gallery has-nested-images columns-default is-cropped wp-block-gallery-1 is-layout-flex wp-block-gallery-is-layout-flex\">\n<figure class=\"wp-block-image size-full\"><img loading=\"lazy\" decoding=\"async\" width=\"300\" height=\"180\" data-id=\"32894\" src=\"https:\/\/radiostudiow.com.br\/site\/wp-content\/uploads\/2025\/01\/SITE-PEQUENO2.png\" alt=\"\" class=\"wp-image-32894\"\/><\/figure>\n\n\n\n<figure class=\"wp-block-image size-full\"><img loading=\"lazy\" decoding=\"async\" width=\"300\" height=\"180\" data-id=\"32851\" src=\"https:\/\/radiostudiow.com.br\/site\/wp-content\/uploads\/2025\/01\/SITE-PEQUENO3.png\" alt=\"\" class=\"wp-image-32851\"\/><\/figure>\n\n\n\n<figure class=\"wp-block-image size-full\"><img loading=\"lazy\" decoding=\"async\" width=\"300\" height=\"180\" data-id=\"32833\" src=\"https:\/\/radiostudiow.com.br\/site\/wp-content\/uploads\/2025\/01\/SITE-PEQUENO.png\" alt=\"\" class=\"wp-image-32833\"\/><\/figure>\n<\/figure>\n","protected":false},"excerpt":{"rendered":"<p>Morreu no in\u00edcio da tarde desta quarta-feira, dia 29, Adenir Rodrigues da Silva, de 36 anos, morador de General Carneiro que atentou contra a pr\u00f3pria vida nesta manh\u00e3. A morte ocorreu no hospital APMI em Uni\u00e3o da Vit\u00f3ria onde ele foi transferido ap\u00f3s dar entrada no Pronto Atendimento De General Carneiro em estado grav\u00edssimo. Adenir [&hellip;]<\/p>\n","protected":false},"author":2,"featured_media":33457,"comment_status":"open","ping_status":"open","sticky":false,"template":"","format":"standard","meta":{"footnotes":""},"categories":[185],"tags":[172],"class_list":["post-33456","post","type-post","status-publish","format-standard","has-post-thumbnail","hentry","category-regional","tag-featured"],"amp_enabled":true,"_links":{"self":[{"href":"https:\/\/radiostudiow.com.br\/site\/wp-json\/wp\/v2\/posts\/33456","targetHints":{"allow":["GET"]}}],"collection":[{"href":"https:\/\/radiostudiow.com.br\/site\/wp-json\/wp\/v2\/posts"}],"about":[{"href":"https:\/\/radiostudiow.com.br\/site\/wp-json\/wp\/v2\/types\/post"}],"author":[{"embeddable":true,"href":"https:\/\/radiostudiow.com.br\/site\/wp-json\/wp\/v2\/users\/2"}],"replies":[{"embeddable":true,"href":"https:\/\/radiostudiow.com.br\/site\/wp-json\/wp\/v2\/comments?post=33456"}],"version-history":[{"count":2,"href":"https:\/\/radiostudiow.com.br\/site\/wp-json\/wp\/v2\/posts\/33456\/revisions"}],"predecessor-version":[{"id":33460,"href":"https:\/\/radiostudiow.com.br\/site\/wp-json\/wp\/v2\/posts\/33456\/revisions\/33460"}],"wp:featuredmedia":[{"embeddable":true,"href":"https:\/\/radiostudiow.com.br\/site\/wp-json\/wp\/v2\/media\/33457"}],"wp:attachment":[{"href":"https:\/\/radiostudiow.com.br\/site\/wp-json\/wp\/v2\/media?parent=33456"}],"wp:term":[{"taxonomy":"category","embeddable":true,"href":"https:\/\/radiostudiow.com.br\/site\/wp-json\/wp\/v2\/categories?post=33456"},{"taxonomy":"post_tag","embeddable":true,"href":"https:\/\/radiostudiow.com.br\/site\/wp-json\/wp\/v2\/tags?post=33456"}],"curies":[{"name":"wp","href":"https:\/\/api.w.org\/{rel}","templated":true}]}}