{"id":3346,"date":"2021-08-23T16:32:08","date_gmt":"2021-08-23T19:32:08","guid":{"rendered":"https:\/\/radiostudiow.com.br\/site\/?p=3346"},"modified":"2025-01-31T15:12:30","modified_gmt":"2025-01-31T18:12:30","slug":"motociclista-tenta-fugir-da-policia-militar-de-mallet","status":"publish","type":"post","link":"https:\/\/radiostudiow.com.br\/site\/2021\/08\/23\/motociclista-tenta-fugir-da-policia-militar-de-mallet\/","title":{"rendered":"Motociclista tenta fugir da Pol\u00edcia Militar de Mallet"},"content":{"rendered":"\n<p>A equipe da Pol\u00edcia Militar de Mallet estava realizando patrulhamento pela Avenida Jo\u00e3o Pessoa, \u00e1rea central da cidade, quando avistou um motociclista suspeito por volta das 15:45 horas desse domingo (22).<\/p>\n\n\n\n<p>O motociclista conduzia uma Honda CG125 FAN na cor vermelha, a qual tem varias denuncias relacionadas com o crime de trafico de drogas. Dado ordem de parada atrav\u00e9s de sinais luminosos e de sirene, com isso o condutor se evadiu da abordagem e tomou rumo sentido BR \u2013 153.<\/p>\n\n\n\n<p>Ap\u00f3s 3 km de acompanhamento em dire\u00e7\u00e3o ao munic\u00edpio de Rio Azul o motociclista veio a parar. Feito a revista pessoal no mesmo e nada de il\u00edcito foi localizado.<\/p>\n\n\n\n<p>O condutor foi identificado e constatado ser habilitado categoria AB. \u00a0A motocicleta por apresentar pend\u00eancias foi recolhida ao p\u00e1tio do 3\u00ba Pelot\u00e3o, a disposi\u00e7\u00e3o do Detran-PR.<\/p>\n\n\n\n<figure class=\"wp-block-image size-full\"><img decoding=\"async\" src=\"https:\/\/radiostudiow.com.br\/site\/wp-content\/uploads\/2021\/08\/SEPAC.jpg\" alt=\"\" class=\"wp-image-3347\"\/><\/figure>\n","protected":false},"excerpt":{"rendered":"<p>A equipe da Pol\u00edcia Militar de Mallet estava realizando patrulhamento pela Avenida Jo\u00e3o Pessoa, \u00e1rea central da cidade, quando avistou um motociclista suspeito por volta das 15:45 horas desse domingo (22). O motociclista conduzia uma Honda CG125 FAN na cor vermelha, a qual tem varias denuncias relacionadas com o crime de trafico de drogas. Dado [&hellip;]<\/p>\n","protected":false},"author":2,"featured_media":3199,"comment_status":"open","ping_status":"open","sticky":false,"template":"","format":"standard","meta":{"footnotes":""},"categories":[2],"tags":[172],"class_list":["post-3346","post","type-post","status-publish","format-standard","has-post-thumbnail","hentry","category-policial","tag-featured"],"amp_enabled":true,"_links":{"self":[{"href":"https:\/\/radiostudiow.com.br\/site\/wp-json\/wp\/v2\/posts\/3346","targetHints":{"allow":["GET"]}}],"collection":[{"href":"https:\/\/radiostudiow.com.br\/site\/wp-json\/wp\/v2\/posts"}],"about":[{"href":"https:\/\/radiostudiow.com.br\/site\/wp-json\/wp\/v2\/types\/post"}],"author":[{"embeddable":true,"href":"https:\/\/radiostudiow.com.br\/site\/wp-json\/wp\/v2\/users\/2"}],"replies":[{"embeddable":true,"href":"https:\/\/radiostudiow.com.br\/site\/wp-json\/wp\/v2\/comments?post=3346"}],"version-history":[{"count":1,"href":"https:\/\/radiostudiow.com.br\/site\/wp-json\/wp\/v2\/posts\/3346\/revisions"}],"predecessor-version":[{"id":3348,"href":"https:\/\/radiostudiow.com.br\/site\/wp-json\/wp\/v2\/posts\/3346\/revisions\/3348"}],"wp:featuredmedia":[{"embeddable":true,"href":"https:\/\/radiostudiow.com.br\/site\/wp-json\/wp\/v2\/media\/3199"}],"wp:attachment":[{"href":"https:\/\/radiostudiow.com.br\/site\/wp-json\/wp\/v2\/media?parent=3346"}],"wp:term":[{"taxonomy":"category","embeddable":true,"href":"https:\/\/radiostudiow.com.br\/site\/wp-json\/wp\/v2\/categories?post=3346"},{"taxonomy":"post_tag","embeddable":true,"href":"https:\/\/radiostudiow.com.br\/site\/wp-json\/wp\/v2\/tags?post=3346"}],"curies":[{"name":"wp","href":"https:\/\/api.w.org\/{rel}","templated":true}]}}