{"id":33462,"date":"2025-01-30T10:04:18","date_gmt":"2025-01-30T13:04:18","guid":{"rendered":"https:\/\/radiostudiow.com.br\/site\/?p=33462"},"modified":"2025-01-31T14:53:23","modified_gmt":"2025-01-31T17:53:23","slug":"corpo-de-bombeiros-de-sao-mateus-do-sul-combate-incendio-em-veiculo-na-pr-281-em-antonio-olinto","status":"publish","type":"post","link":"https:\/\/radiostudiow.com.br\/site\/2025\/01\/30\/corpo-de-bombeiros-de-sao-mateus-do-sul-combate-incendio-em-veiculo-na-pr-281-em-antonio-olinto\/","title":{"rendered":"Corpo de Bombeiros de S\u00e3o Mateus do Sul combate inc\u00eandio em ve\u00edculo na PR-281, em Ant\u00f4nio Olinto"},"content":{"rendered":"\n<p><\/p>\n\n\n\n<figure class=\"wp-block-image size-full\"><img decoding=\"async\" src=\"https:\/\/radiostudiow.com.br\/site\/wp-content\/uploads\/2024\/01\/SITE-GRANDE.png\" alt=\"\" class=\"wp-image-18949\"\/><\/figure>\n\n\n\n<p><\/p>\n\n\n\n<figure class=\"wp-block-video\"><video autoplay controls loop muted src=\"https:\/\/radiostudiow.com.br\/site\/wp-content\/uploads\/2025\/01\/WhatsApp-Video-2025-01-30-at-07.19.07.mp4\" playsinline><\/video><\/figure>\n\n\n\n<p><\/p>\n\n\n\n<p style=\"font-size:21px\">Na manh\u00e3 desta quinta-feira (30), por volta das 7h, o Corpo de Bombeiros de S\u00e3o Mateus do Sul foi acionado para atender a uma ocorr\u00eancia de inc\u00eandio em meio de transporte na PR-281, na regi\u00e3o da Lagoa da Cruz, em Ant\u00f4nio Olinto.<\/p>\n\n\n\n<p style=\"font-size:21px\">Ao chegarem no local, os bombeiros constataram que um ve\u00edculo estava completamente tomado pelas chamas. A equipe de combate a inc\u00eandios agiu rapidamente para conter o fogo, evitando que o inc\u00eandio se alastrasse para a vegeta\u00e7\u00e3o ao redor e outras \u00e1reas da rodovia.<\/p>\n\n\n\n<p style=\"font-size:21px\">Felizmente, at\u00e9 o momento, n\u00e3o foram registradas v\u00edtimas ou feridos no incidente. As causas do inc\u00eandio ainda est\u00e3o sendo apuradas. O ve\u00edculo foi severamente danificado pelas chamas, e a Pol\u00edcia Rodovi\u00e1ria Estadual tamb\u00e9m foi acionada para atender a ocorr\u00eancia.<\/p>\n\n\n\n<p>Informa\u00e7\u00f5es: Portal RDX<\/p>\n\n\n\n<p><\/p>\n\n\n\n<figure class=\"wp-block-embed is-type-video is-provider-youtube wp-block-embed-youtube wp-embed-aspect-16-9 wp-has-aspect-ratio\"><div class=\"wp-block-embed__wrapper\">\n<iframe loading=\"lazy\" title=\"Corpo de Bombeiros de S\u00e3o Mateus do Sul combate inc\u00eandio em ve\u00edculo na PR-281, em Ant\u00f4nio Olinto\" width=\"740\" height=\"416\" src=\"https:\/\/www.youtube.com\/embed\/HXGVWcE4arw?feature=oembed\" frameborder=\"0\" allow=\"accelerometer; autoplay; clipboard-write; encrypted-media; gyroscope; picture-in-picture; web-share\" referrerpolicy=\"strict-origin-when-cross-origin\" allowfullscreen><\/iframe>\n<\/div><\/figure>\n\n\n\n<p><\/p>\n\n\n\n<figure class=\"wp-block-image size-full\"><img loading=\"lazy\" decoding=\"async\" width=\"598\" height=\"204\" src=\"https:\/\/radiostudiow.com.br\/site\/wp-content\/uploads\/2023\/12\/SITE-MEDIO4.png\" alt=\"\" class=\"wp-image-17598\" srcset=\"https:\/\/radiostudiow.com.br\/site\/wp-content\/uploads\/2023\/12\/SITE-MEDIO4.png 598w, https:\/\/radiostudiow.com.br\/site\/wp-content\/uploads\/2023\/12\/SITE-MEDIO4-300x102.png 300w\" sizes=\"auto, (max-width: 598px) 100vw, 598px\" \/><\/figure>\n","protected":false},"excerpt":{"rendered":"<p>Na manh\u00e3 desta quinta-feira (30), por volta das 7h, o Corpo de Bombeiros de S\u00e3o Mateus do Sul foi acionado para atender a uma ocorr\u00eancia de inc\u00eandio em meio de transporte na PR-281, na regi\u00e3o da Lagoa da Cruz, em Ant\u00f4nio Olinto. Ao chegarem no local, os bombeiros constataram que um ve\u00edculo estava completamente tomado [&hellip;]<\/p>\n","protected":false},"author":2,"featured_media":33464,"comment_status":"open","ping_status":"open","sticky":false,"template":"","format":"standard","meta":{"footnotes":""},"categories":[7],"tags":[],"class_list":["post-33462","post","type-post","status-publish","format-standard","has-post-thumbnail","hentry","category-geral"],"amp_enabled":true,"_links":{"self":[{"href":"https:\/\/radiostudiow.com.br\/site\/wp-json\/wp\/v2\/posts\/33462","targetHints":{"allow":["GET"]}}],"collection":[{"href":"https:\/\/radiostudiow.com.br\/site\/wp-json\/wp\/v2\/posts"}],"about":[{"href":"https:\/\/radiostudiow.com.br\/site\/wp-json\/wp\/v2\/types\/post"}],"author":[{"embeddable":true,"href":"https:\/\/radiostudiow.com.br\/site\/wp-json\/wp\/v2\/users\/2"}],"replies":[{"embeddable":true,"href":"https:\/\/radiostudiow.com.br\/site\/wp-json\/wp\/v2\/comments?post=33462"}],"version-history":[{"count":2,"href":"https:\/\/radiostudiow.com.br\/site\/wp-json\/wp\/v2\/posts\/33462\/revisions"}],"predecessor-version":[{"id":33466,"href":"https:\/\/radiostudiow.com.br\/site\/wp-json\/wp\/v2\/posts\/33462\/revisions\/33466"}],"wp:featuredmedia":[{"embeddable":true,"href":"https:\/\/radiostudiow.com.br\/site\/wp-json\/wp\/v2\/media\/33464"}],"wp:attachment":[{"href":"https:\/\/radiostudiow.com.br\/site\/wp-json\/wp\/v2\/media?parent=33462"}],"wp:term":[{"taxonomy":"category","embeddable":true,"href":"https:\/\/radiostudiow.com.br\/site\/wp-json\/wp\/v2\/categories?post=33462"},{"taxonomy":"post_tag","embeddable":true,"href":"https:\/\/radiostudiow.com.br\/site\/wp-json\/wp\/v2\/tags?post=33462"}],"curies":[{"name":"wp","href":"https:\/\/api.w.org\/{rel}","templated":true}]}}