{"id":33467,"date":"2025-01-30T11:57:40","date_gmt":"2025-01-30T14:57:40","guid":{"rendered":"https:\/\/radiostudiow.com.br\/site\/?p=33467"},"modified":"2025-01-31T14:53:23","modified_gmt":"2025-01-31T17:53:23","slug":"furto-em-residencia-e-registrado-em-uniao-da-vitoria-vitima-suspeita-do-proprio-genro","status":"publish","type":"post","link":"https:\/\/radiostudiow.com.br\/site\/2025\/01\/30\/furto-em-residencia-e-registrado-em-uniao-da-vitoria-vitima-suspeita-do-proprio-genro\/","title":{"rendered":"Furto em resid\u00eancia \u00e9 registrado em Uni\u00e3o da Vit\u00f3ria, v\u00edtima suspeita do pr\u00f3prio genro"},"content":{"rendered":"\n<figure class=\"wp-block-image size-full\"><img loading=\"lazy\" decoding=\"async\" width=\"897\" height=\"204\" src=\"https:\/\/radiostudiow.com.br\/site\/wp-content\/uploads\/2024\/01\/SITE-GRANDE3.png\" alt=\"zaions\" class=\"wp-image-18936\" srcset=\"https:\/\/radiostudiow.com.br\/site\/wp-content\/uploads\/2024\/01\/SITE-GRANDE3.png 897w, https:\/\/radiostudiow.com.br\/site\/wp-content\/uploads\/2024\/01\/SITE-GRANDE3-300x68.png 300w, https:\/\/radiostudiow.com.br\/site\/wp-content\/uploads\/2024\/01\/SITE-GRANDE3-768x175.png 768w\" sizes=\"auto, (max-width: 897px) 100vw, 897px\" \/><\/figure>\n\n\n\n<p><\/p>\n\n\n\n<p style=\"font-size:21px\">Na tarde desta quarta-feira (29), por volta das 13h20, a equipe policial foi acionada para atender a uma ocorr\u00eancia de furto em uma resid\u00eancia localizada no distrito de S\u00e3o Crist\u00f3v\u00e3o, em Uni\u00e3o da Vit\u00f3ria.<\/p>\n\n\n\n<p style=\"font-size:21px\">De acordo com o relato da v\u00edtima, foram subtra\u00eddos do interior de sua casa uma televis\u00e3o de 32 polegadas e um telefone celular, cujas marcas e modelos n\u00e3o foram informados<\/p>\n\n\n\n<p style=\"font-size:21px\">&nbsp;A solicitante apontou como suspeito do crime o seu atual genro, que, segundo ela, \u00e9 usu\u00e1rio de entorpecentes.<\/p>\n\n\n\n<p style=\"font-size:21px\">Ainda conforme o depoimento da v\u00edtima, o suspeito teria se aproveitado de um momento de distra\u00e7\u00e3o para cometer o furto e deixar a resid\u00eancia rapidamente.<\/p>\n\n\n\n<p style=\"font-size:21px\">A equipe policial realizou dilig\u00eancias na regi\u00e3o, mas at\u00e9 o momento o suspeito n\u00e3o foi localizado.<\/p>\n\n\n\n<p style=\"font-size:21px\">As autoridades orientaram a v\u00edtima sobre os procedimentos legais a serem adotados, incluindo a possibilidade de representa\u00e7\u00e3o formal contra o suspeito nos pr\u00f3ximos dias. O caso segue sob investiga\u00e7\u00e3o.<\/p>\n\n\n\n<p><\/p>\n\n\n\n<figure class=\"wp-block-image size-full\"><img loading=\"lazy\" decoding=\"async\" width=\"598\" height=\"204\" src=\"https:\/\/radiostudiow.com.br\/site\/wp-content\/uploads\/2025\/01\/SITE-MEDIO7.png\" alt=\"\" class=\"wp-image-32801\" srcset=\"https:\/\/radiostudiow.com.br\/site\/wp-content\/uploads\/2025\/01\/SITE-MEDIO7.png 598w, https:\/\/radiostudiow.com.br\/site\/wp-content\/uploads\/2025\/01\/SITE-MEDIO7-300x102.png 300w\" sizes=\"auto, (max-width: 598px) 100vw, 598px\" \/><\/figure>\n","protected":false},"excerpt":{"rendered":"<p>Na tarde desta quarta-feira (29), por volta das 13h20, a equipe policial foi acionada para atender a uma ocorr\u00eancia de furto em uma resid\u00eancia localizada no distrito de S\u00e3o Crist\u00f3v\u00e3o, em Uni\u00e3o da Vit\u00f3ria. De acordo com o relato da v\u00edtima, foram subtra\u00eddos do interior de sua casa uma televis\u00e3o de 32 polegadas e um [&hellip;]<\/p>\n","protected":false},"author":2,"featured_media":13676,"comment_status":"open","ping_status":"open","sticky":false,"template":"","format":"standard","meta":{"footnotes":""},"categories":[2,185],"tags":[172],"class_list":["post-33467","post","type-post","status-publish","format-standard","has-post-thumbnail","hentry","category-policial","category-regional","tag-featured"],"amp_enabled":true,"_links":{"self":[{"href":"https:\/\/radiostudiow.com.br\/site\/wp-json\/wp\/v2\/posts\/33467","targetHints":{"allow":["GET"]}}],"collection":[{"href":"https:\/\/radiostudiow.com.br\/site\/wp-json\/wp\/v2\/posts"}],"about":[{"href":"https:\/\/radiostudiow.com.br\/site\/wp-json\/wp\/v2\/types\/post"}],"author":[{"embeddable":true,"href":"https:\/\/radiostudiow.com.br\/site\/wp-json\/wp\/v2\/users\/2"}],"replies":[{"embeddable":true,"href":"https:\/\/radiostudiow.com.br\/site\/wp-json\/wp\/v2\/comments?post=33467"}],"version-history":[{"count":1,"href":"https:\/\/radiostudiow.com.br\/site\/wp-json\/wp\/v2\/posts\/33467\/revisions"}],"predecessor-version":[{"id":33482,"href":"https:\/\/radiostudiow.com.br\/site\/wp-json\/wp\/v2\/posts\/33467\/revisions\/33482"}],"wp:featuredmedia":[{"embeddable":true,"href":"https:\/\/radiostudiow.com.br\/site\/wp-json\/wp\/v2\/media\/13676"}],"wp:attachment":[{"href":"https:\/\/radiostudiow.com.br\/site\/wp-json\/wp\/v2\/media?parent=33467"}],"wp:term":[{"taxonomy":"category","embeddable":true,"href":"https:\/\/radiostudiow.com.br\/site\/wp-json\/wp\/v2\/categories?post=33467"},{"taxonomy":"post_tag","embeddable":true,"href":"https:\/\/radiostudiow.com.br\/site\/wp-json\/wp\/v2\/tags?post=33467"}],"curies":[{"name":"wp","href":"https:\/\/api.w.org\/{rel}","templated":true}]}}