{"id":33469,"date":"2025-01-30T11:59:09","date_gmt":"2025-01-30T14:59:09","guid":{"rendered":"https:\/\/radiostudiow.com.br\/site\/?p=33469"},"modified":"2025-01-31T14:53:23","modified_gmt":"2025-01-31T17:53:23","slug":"apreensao-de-mercadorias-irregulares-em-carro-ocorre-em-uniao-da-vitoria","status":"publish","type":"post","link":"https:\/\/radiostudiow.com.br\/site\/2025\/01\/30\/apreensao-de-mercadorias-irregulares-em-carro-ocorre-em-uniao-da-vitoria\/","title":{"rendered":"Apreens\u00e3o de mercadorias irregulares em carro ocorre em Uni\u00e3o da Vit\u00f3ria"},"content":{"rendered":"\n<p><\/p>\n\n\n\n<figure class=\"wp-block-image size-full\"><img loading=\"lazy\" decoding=\"async\" width=\"897\" height=\"204\" src=\"https:\/\/radiostudiow.com.br\/site\/wp-content\/uploads\/2024\/01\/SITE-GRANDE3.png\" alt=\"zaions\" class=\"wp-image-18936\" srcset=\"https:\/\/radiostudiow.com.br\/site\/wp-content\/uploads\/2024\/01\/SITE-GRANDE3.png 897w, https:\/\/radiostudiow.com.br\/site\/wp-content\/uploads\/2024\/01\/SITE-GRANDE3-300x68.png 300w, https:\/\/radiostudiow.com.br\/site\/wp-content\/uploads\/2024\/01\/SITE-GRANDE3-768x175.png 768w\" sizes=\"auto, (max-width: 897px) 100vw, 897px\" \/><\/figure>\n\n\n\n<p><\/p>\n\n\n\n<p style=\"font-size:21px\">Na \u00faltima quarta-feira (29), uma equipe da Pol\u00edcia Militar realizava patrulhamento na regi\u00e3o da Rodovia Jo\u00e3o Reolon, no munic\u00edpio de Uni\u00e3o da Vit\u00f3ria, quando abordou um ve\u00edculo suspeito.&nbsp;<\/p>\n\n\n\n<p style=\"font-size:21px\">O autom\u00f3vel, um VW Voyage de cor vermelha, era conduzido por um homem. Durante a busca pessoal, nada de il\u00edcito foi encontrado com o condutor.&nbsp;<\/p>\n\n\n\n<p style=\"font-size:21px\">No entanto, ao revistar o interior do ve\u00edculo, os policiais localizaram diversos produtos sem nota fiscal, entre eles brinquedos, eletr\u00f4nicos, vinhos, materiais escolares, artigos de pesca e outros itens.<\/p>\n\n\n\n<p style=\"font-size:21px\">Diante da constata\u00e7\u00e3o de descaminho, todas as mercadorias, assim como o ve\u00edculo, foram apreendidos e encaminhados \u00e0 sede do 27\u00ba Batalh\u00e3o de Pol\u00edcia Militar (BPM). O condutor foi orientado sobre os procedimentos legais e, ap\u00f3s a situa\u00e7\u00e3o ser controlada, o boletim de ocorr\u00eancia foi registrado.<\/p>\n\n\n\n<p style=\"font-size:21px\">Os itens apreendidos ser\u00e3o posteriormente encaminhados \u00e0 Receita Federal para as provid\u00eancias cab\u00edveis. O crime de descaminho, previsto no artigo 334 do C\u00f3digo Penal, ocorre quando h\u00e1 importa\u00e7\u00e3o ou exporta\u00e7\u00e3o de mercadorias sem o devido recolhimento de tributos e pode resultar em pena de reclus\u00e3o de um a quatro anos.<\/p>\n\n\n\n<p><\/p>\n\n\n\n<figure class=\"wp-block-image size-full\"><img loading=\"lazy\" decoding=\"async\" width=\"598\" height=\"204\" src=\"https:\/\/radiostudiow.com.br\/site\/wp-content\/uploads\/2024\/10\/labirati.png\" alt=\"\" class=\"wp-image-28854\" srcset=\"https:\/\/radiostudiow.com.br\/site\/wp-content\/uploads\/2024\/10\/labirati.png 598w, https:\/\/radiostudiow.com.br\/site\/wp-content\/uploads\/2024\/10\/labirati-300x102.png 300w\" sizes=\"auto, (max-width: 598px) 100vw, 598px\" \/><\/figure>\n","protected":false},"excerpt":{"rendered":"<p>Na \u00faltima quarta-feira (29), uma equipe da Pol\u00edcia Militar realizava patrulhamento na regi\u00e3o da Rodovia Jo\u00e3o Reolon, no munic\u00edpio de Uni\u00e3o da Vit\u00f3ria, quando abordou um ve\u00edculo suspeito.&nbsp; O autom\u00f3vel, um VW Voyage de cor vermelha, era conduzido por um homem. Durante a busca pessoal, nada de il\u00edcito foi encontrado com o condutor.&nbsp; No entanto, [&hellip;]<\/p>\n","protected":false},"author":2,"featured_media":33474,"comment_status":"open","ping_status":"open","sticky":false,"template":"","format":"standard","meta":{"footnotes":""},"categories":[2,185],"tags":[172],"class_list":["post-33469","post","type-post","status-publish","format-standard","has-post-thumbnail","hentry","category-policial","category-regional","tag-featured"],"amp_enabled":true,"_links":{"self":[{"href":"https:\/\/radiostudiow.com.br\/site\/wp-json\/wp\/v2\/posts\/33469","targetHints":{"allow":["GET"]}}],"collection":[{"href":"https:\/\/radiostudiow.com.br\/site\/wp-json\/wp\/v2\/posts"}],"about":[{"href":"https:\/\/radiostudiow.com.br\/site\/wp-json\/wp\/v2\/types\/post"}],"author":[{"embeddable":true,"href":"https:\/\/radiostudiow.com.br\/site\/wp-json\/wp\/v2\/users\/2"}],"replies":[{"embeddable":true,"href":"https:\/\/radiostudiow.com.br\/site\/wp-json\/wp\/v2\/comments?post=33469"}],"version-history":[{"count":1,"href":"https:\/\/radiostudiow.com.br\/site\/wp-json\/wp\/v2\/posts\/33469\/revisions"}],"predecessor-version":[{"id":33484,"href":"https:\/\/radiostudiow.com.br\/site\/wp-json\/wp\/v2\/posts\/33469\/revisions\/33484"}],"wp:featuredmedia":[{"embeddable":true,"href":"https:\/\/radiostudiow.com.br\/site\/wp-json\/wp\/v2\/media\/33474"}],"wp:attachment":[{"href":"https:\/\/radiostudiow.com.br\/site\/wp-json\/wp\/v2\/media?parent=33469"}],"wp:term":[{"taxonomy":"category","embeddable":true,"href":"https:\/\/radiostudiow.com.br\/site\/wp-json\/wp\/v2\/categories?post=33469"},{"taxonomy":"post_tag","embeddable":true,"href":"https:\/\/radiostudiow.com.br\/site\/wp-json\/wp\/v2\/tags?post=33469"}],"curies":[{"name":"wp","href":"https:\/\/api.w.org\/{rel}","templated":true}]}}