{"id":33470,"date":"2025-01-30T11:59:31","date_gmt":"2025-01-30T14:59:31","guid":{"rendered":"https:\/\/radiostudiow.com.br\/site\/?p=33470"},"modified":"2025-01-31T14:53:23","modified_gmt":"2025-01-31T17:53:23","slug":"motociclista-sem-habilitacao-sofre-acidente-ao-colidir-com-trator-em-rio-azul","status":"publish","type":"post","link":"https:\/\/radiostudiow.com.br\/site\/2025\/01\/30\/motociclista-sem-habilitacao-sofre-acidente-ao-colidir-com-trator-em-rio-azul\/","title":{"rendered":"Motociclista sem habilita\u00e7\u00e3o sofre acidente ao colidir com trator em Rio Azul"},"content":{"rendered":"\n<figure class=\"wp-block-image size-full\"><img loading=\"lazy\" decoding=\"async\" width=\"897\" height=\"204\" src=\"https:\/\/radiostudiow.com.br\/site\/wp-content\/uploads\/2025\/01\/SITE-GRANDE3.png\" alt=\"\" class=\"wp-image-32900\" srcset=\"https:\/\/radiostudiow.com.br\/site\/wp-content\/uploads\/2025\/01\/SITE-GRANDE3.png 897w, https:\/\/radiostudiow.com.br\/site\/wp-content\/uploads\/2025\/01\/SITE-GRANDE3-300x68.png 300w, https:\/\/radiostudiow.com.br\/site\/wp-content\/uploads\/2025\/01\/SITE-GRANDE3-768x175.png 768w\" sizes=\"auto, (max-width: 897px) 100vw, 897px\" \/><\/figure>\n\n\n\n<p><\/p>\n\n\n\n<p style=\"font-size:21px\">Um acidente de tr\u00e2nsito deixou um motociclista ferido na tarde desta quarta-feira (29) na localidade de Faxinal de S\u00e3o Pedro, zona rural de Rio Azul. A colis\u00e3o envolveu uma motocicleta e um trator, resultando em ferimentos graves no condutor da moto.<\/p>\n\n\n\n<p style=\"font-size:21px\">De acordo com a Pol\u00edcia Militar, a equipe foi acionada por volta das 18h30 para averiguar a situa\u00e7\u00e3o no hospital de Rio Azul. No local, a v\u00edtima relatou que transitava de motocicleta pela via rural quando colidiu contra um trator e caiu em uma valeta \u00e0 beira da estrada.<\/p>\n\n\n\n<p style=\"font-size:21px\">O condutor do trator afirmou que realizava uma convers\u00e3o \u00e0 esquerda quando a motocicleta, que seguia no sentido contr\u00e1rio, colidiu contra o ve\u00edculo. Durante a verifica\u00e7\u00e3o, os policiais constataram que a moto possu\u00eda sinais identificadores adulterados, com dados incompat\u00edveis com os registros no sistema. Al\u00e9m disso, foi confirmado que ambos os condutores n\u00e3o possu\u00edam habilita\u00e7\u00e3o para dirigir.<\/p>\n\n\n\n<p style=\"font-size:21px\">Devido \u00e0 gravidade dos ferimentos, o motociclista foi transferido para um hospital em Irati, onde passar\u00e1 por cirurgia devido a fraturas no f\u00eamur e no ombro.<\/p>\n\n\n\n<p style=\"font-size:21px\">Medidas administrativas foram adotadas e a ocorr\u00eancia foi encaminhada para a Delegacia de Pol\u00edcia Civil de Irati para as provid\u00eancias cab\u00edveis.<\/p>\n\n\n\n<p><\/p>\n\n\n\n<figure class=\"wp-block-gallery has-nested-images columns-default is-cropped wp-block-gallery-1 is-layout-flex wp-block-gallery-is-layout-flex\">\n<figure class=\"wp-block-image size-large\"><img loading=\"lazy\" decoding=\"async\" width=\"300\" height=\"180\" data-id=\"32894\" src=\"https:\/\/radiostudiow.com.br\/site\/wp-content\/uploads\/2025\/01\/SITE-PEQUENO2.png\" alt=\"\" class=\"wp-image-32894\"\/><\/figure>\n\n\n\n<figure class=\"wp-block-image size-large\"><img loading=\"lazy\" decoding=\"async\" width=\"300\" height=\"180\" data-id=\"32851\" src=\"https:\/\/radiostudiow.com.br\/site\/wp-content\/uploads\/2025\/01\/SITE-PEQUENO3.png\" alt=\"\" class=\"wp-image-32851\"\/><\/figure>\n\n\n\n<figure class=\"wp-block-image size-large\"><img loading=\"lazy\" decoding=\"async\" width=\"300\" height=\"180\" data-id=\"32833\" src=\"https:\/\/radiostudiow.com.br\/site\/wp-content\/uploads\/2025\/01\/SITE-PEQUENO.png\" alt=\"\" class=\"wp-image-32833\"\/><\/figure>\n<\/figure>\n","protected":false},"excerpt":{"rendered":"<p>Um acidente de tr\u00e2nsito deixou um motociclista ferido na tarde desta quarta-feira (29) na localidade de Faxinal de S\u00e3o Pedro, zona rural de Rio Azul. A colis\u00e3o envolveu uma motocicleta e um trator, resultando em ferimentos graves no condutor da moto. De acordo com a Pol\u00edcia Militar, a equipe foi acionada por volta das 18h30 [&hellip;]<\/p>\n","protected":false},"author":2,"featured_media":13773,"comment_status":"open","ping_status":"open","sticky":false,"template":"","format":"standard","meta":{"footnotes":""},"categories":[2,185],"tags":[172],"class_list":["post-33470","post","type-post","status-publish","format-standard","has-post-thumbnail","hentry","category-policial","category-regional","tag-featured"],"amp_enabled":true,"_links":{"self":[{"href":"https:\/\/radiostudiow.com.br\/site\/wp-json\/wp\/v2\/posts\/33470","targetHints":{"allow":["GET"]}}],"collection":[{"href":"https:\/\/radiostudiow.com.br\/site\/wp-json\/wp\/v2\/posts"}],"about":[{"href":"https:\/\/radiostudiow.com.br\/site\/wp-json\/wp\/v2\/types\/post"}],"author":[{"embeddable":true,"href":"https:\/\/radiostudiow.com.br\/site\/wp-json\/wp\/v2\/users\/2"}],"replies":[{"embeddable":true,"href":"https:\/\/radiostudiow.com.br\/site\/wp-json\/wp\/v2\/comments?post=33470"}],"version-history":[{"count":2,"href":"https:\/\/radiostudiow.com.br\/site\/wp-json\/wp\/v2\/posts\/33470\/revisions"}],"predecessor-version":[{"id":33489,"href":"https:\/\/radiostudiow.com.br\/site\/wp-json\/wp\/v2\/posts\/33470\/revisions\/33489"}],"wp:featuredmedia":[{"embeddable":true,"href":"https:\/\/radiostudiow.com.br\/site\/wp-json\/wp\/v2\/media\/13773"}],"wp:attachment":[{"href":"https:\/\/radiostudiow.com.br\/site\/wp-json\/wp\/v2\/media?parent=33470"}],"wp:term":[{"taxonomy":"category","embeddable":true,"href":"https:\/\/radiostudiow.com.br\/site\/wp-json\/wp\/v2\/categories?post=33470"},{"taxonomy":"post_tag","embeddable":true,"href":"https:\/\/radiostudiow.com.br\/site\/wp-json\/wp\/v2\/tags?post=33470"}],"curies":[{"name":"wp","href":"https:\/\/api.w.org\/{rel}","templated":true}]}}