{"id":33471,"date":"2025-01-30T12:00:23","date_gmt":"2025-01-30T15:00:23","guid":{"rendered":"https:\/\/radiostudiow.com.br\/site\/?p=33471"},"modified":"2025-01-31T14:53:23","modified_gmt":"2025-01-31T17:53:23","slug":"homem-e-detido-com-tabletes-de-maconha-em-uniao-da-vitoria","status":"publish","type":"post","link":"https:\/\/radiostudiow.com.br\/site\/2025\/01\/30\/homem-e-detido-com-tabletes-de-maconha-em-uniao-da-vitoria\/","title":{"rendered":"Homem \u00e9 detido com tabletes de maconha em Uni\u00e3o da Vit\u00f3ria"},"content":{"rendered":"\n<figure class=\"wp-block-image size-full\"><img decoding=\"async\" src=\"https:\/\/radiostudiow.com.br\/site\/wp-content\/uploads\/2024\/01\/SITE-GRANDE.png\" alt=\"\" class=\"wp-image-18949\"\/><\/figure>\n\n\n\n<p><\/p>\n\n\n\n<p style=\"font-size:21px\">Na tarde desta quarta-feira (29), por volta das 13h40, a Pol\u00edcia Militar de Uni\u00e3o da Vit\u00f3ria realizou a apreens\u00e3o de tabletes de subst\u00e2ncia an\u00e1loga \u00e0 maconha no bairro Sagrada Fam\u00edlia.<\/p>\n\n\n\n<p style=\"font-size:21px\">&nbsp;A a\u00e7\u00e3o ocorreu ap\u00f3s informa\u00e7\u00f5es an\u00f4nimas que indicavam que um homem estaria armazenando drogas em sua resid\u00eancia para traficantes da regi\u00e3o.<\/p>\n\n\n\n<p style=\"font-size:21px\">Com base nas den\u00fancias, os policiais identificaram o local suspeito e abordaram o indiv\u00edduo em via p\u00fablica. Durante as buscas no interior do im\u00f3vel, foi encontrada uma sacola pl\u00e1stica contendo diversos tabletes da droga.<\/p>\n\n\n\n<p style=\"font-size:21px\">Diante da situa\u00e7\u00e3o, o material apreendido e o suspeito foram encaminhados \u00e0 Delegacia de Pol\u00edcia Civil para os procedimentos legais cab\u00edveis.<\/p>\n\n\n\n<p style=\"font-size:21px\">A Pol\u00edcia Civil dar\u00e1 continuidade \u00e0s investiga\u00e7\u00f5es para apurar a participa\u00e7\u00e3o do detido no tr\u00e1fico de entorpecentes na regi\u00e3o.<\/p>\n\n\n\n<p><\/p>\n\n\n\n<p><\/p>\n\n\n\n<figure class=\"wp-block-image size-full\"><img loading=\"lazy\" decoding=\"async\" width=\"598\" height=\"204\" src=\"https:\/\/radiostudiow.com.br\/site\/wp-content\/uploads\/2025\/01\/SITE-MEDIO3.png\" alt=\"\" class=\"wp-image-32815\" srcset=\"https:\/\/radiostudiow.com.br\/site\/wp-content\/uploads\/2025\/01\/SITE-MEDIO3.png 598w, https:\/\/radiostudiow.com.br\/site\/wp-content\/uploads\/2025\/01\/SITE-MEDIO3-300x102.png 300w\" sizes=\"auto, (max-width: 598px) 100vw, 598px\" \/><\/figure>\n","protected":false},"excerpt":{"rendered":"<p>Na tarde desta quarta-feira (29), por volta das 13h40, a Pol\u00edcia Militar de Uni\u00e3o da Vit\u00f3ria realizou a apreens\u00e3o de tabletes de subst\u00e2ncia an\u00e1loga \u00e0 maconha no bairro Sagrada Fam\u00edlia. &nbsp;A a\u00e7\u00e3o ocorreu ap\u00f3s informa\u00e7\u00f5es an\u00f4nimas que indicavam que um homem estaria armazenando drogas em sua resid\u00eancia para traficantes da regi\u00e3o. Com base nas den\u00fancias, [&hellip;]<\/p>\n","protected":false},"author":2,"featured_media":33475,"comment_status":"open","ping_status":"open","sticky":false,"template":"","format":"standard","meta":{"footnotes":""},"categories":[2,185],"tags":[172],"class_list":["post-33471","post","type-post","status-publish","format-standard","has-post-thumbnail","hentry","category-policial","category-regional","tag-featured"],"amp_enabled":true,"_links":{"self":[{"href":"https:\/\/radiostudiow.com.br\/site\/wp-json\/wp\/v2\/posts\/33471","targetHints":{"allow":["GET"]}}],"collection":[{"href":"https:\/\/radiostudiow.com.br\/site\/wp-json\/wp\/v2\/posts"}],"about":[{"href":"https:\/\/radiostudiow.com.br\/site\/wp-json\/wp\/v2\/types\/post"}],"author":[{"embeddable":true,"href":"https:\/\/radiostudiow.com.br\/site\/wp-json\/wp\/v2\/users\/2"}],"replies":[{"embeddable":true,"href":"https:\/\/radiostudiow.com.br\/site\/wp-json\/wp\/v2\/comments?post=33471"}],"version-history":[{"count":1,"href":"https:\/\/radiostudiow.com.br\/site\/wp-json\/wp\/v2\/posts\/33471\/revisions"}],"predecessor-version":[{"id":33486,"href":"https:\/\/radiostudiow.com.br\/site\/wp-json\/wp\/v2\/posts\/33471\/revisions\/33486"}],"wp:featuredmedia":[{"embeddable":true,"href":"https:\/\/radiostudiow.com.br\/site\/wp-json\/wp\/v2\/media\/33475"}],"wp:attachment":[{"href":"https:\/\/radiostudiow.com.br\/site\/wp-json\/wp\/v2\/media?parent=33471"}],"wp:term":[{"taxonomy":"category","embeddable":true,"href":"https:\/\/radiostudiow.com.br\/site\/wp-json\/wp\/v2\/categories?post=33471"},{"taxonomy":"post_tag","embeddable":true,"href":"https:\/\/radiostudiow.com.br\/site\/wp-json\/wp\/v2\/tags?post=33471"}],"curies":[{"name":"wp","href":"https:\/\/api.w.org\/{rel}","templated":true}]}}