{"id":33472,"date":"2025-01-30T12:01:30","date_gmt":"2025-01-30T15:01:30","guid":{"rendered":"https:\/\/radiostudiow.com.br\/site\/?p=33472"},"modified":"2025-01-31T14:53:23","modified_gmt":"2025-01-31T17:53:23","slug":"homem-e-detido-com-drogas-e-armas-de-fogo-em-sao-mateus-do-sul","status":"publish","type":"post","link":"https:\/\/radiostudiow.com.br\/site\/2025\/01\/30\/homem-e-detido-com-drogas-e-armas-de-fogo-em-sao-mateus-do-sul\/","title":{"rendered":"Homem \u00e9 detido com drogas e armas de fogo em S\u00e3o Mateus do Sul"},"content":{"rendered":"\n<figure class=\"wp-block-image size-full\"><img loading=\"lazy\" decoding=\"async\" width=\"900\" height=\"205\" src=\"https:\/\/radiostudiow.com.br\/site\/wp-content\/uploads\/2024\/03\/bannertijolao-e1733625657395.jpg\" alt=\"\" class=\"wp-image-20494\" srcset=\"https:\/\/radiostudiow.com.br\/site\/wp-content\/uploads\/2024\/03\/bannertijolao-e1733625657395.jpg 900w, https:\/\/radiostudiow.com.br\/site\/wp-content\/uploads\/2024\/03\/bannertijolao-e1733625657395-300x68.jpg 300w, https:\/\/radiostudiow.com.br\/site\/wp-content\/uploads\/2024\/03\/bannertijolao-e1733625657395-768x175.jpg 768w\" sizes=\"auto, (max-width: 900px) 100vw, 900px\" \/><\/figure>\n\n\n\n<figure class=\"wp-block-image size-full\"><img loading=\"lazy\" decoding=\"async\" width=\"897\" height=\"204\" src=\"https:\/\/radiostudiow.com.br\/site\/wp-content\/uploads\/2024\/08\/TIJOLAO.png\" alt=\"\" class=\"wp-image-25951\" srcset=\"https:\/\/radiostudiow.com.br\/site\/wp-content\/uploads\/2024\/08\/TIJOLAO.png 897w, https:\/\/radiostudiow.com.br\/site\/wp-content\/uploads\/2024\/08\/TIJOLAO-300x68.png 300w, https:\/\/radiostudiow.com.br\/site\/wp-content\/uploads\/2024\/08\/TIJOLAO-768x175.png 768w\" sizes=\"auto, (max-width: 897px) 100vw, 897px\" \/><\/figure>\n\n\n\n<p><\/p>\n\n\n\n<p style=\"font-size:21px\">Na madrugada desta quinta-feira (30), por volta de 1h35, uma equipe da Pol\u00edcia Militar realizava patrulhamento na Vila Bom Jesus, em S\u00e3o Mateus do Sul, quando abordou um ve\u00edculo GM\/Blazer no Centro da cidade.&nbsp;<\/p>\n\n\n\n<p style=\"font-size:21px\">Durante a revista pessoal no condutor, nada de il\u00edcito foi encontrado. No entanto, ao realizar a busca veicular, os policiais localizaram uma pedra de subst\u00e2ncia an\u00e1loga a crack e um objeto semelhante a uma pe\u00e7a de arma de fogo.<\/p>\n\n\n\n<p style=\"font-size:21px\">Questionado sobre o objeto, o abordado confirmou se tratar de uma pe\u00e7a de arma e informou que possu\u00eda mais armamentos em sua resid\u00eancia. Diante da declara\u00e7\u00e3o, a equipe policial se deslocou at\u00e9 o endere\u00e7o informado, onde foram localizadas outras armas de fogo.<\/p>\n\n\n\n<p style=\"font-size:21px\">O suspeito foi detido e encaminhado, juntamente com as drogas e armamentos apreendidos, para a 3\u00aa Subdivis\u00e3o Policial (3\u00aa SDP) para as provid\u00eancias cab\u00edveis.<\/p>\n\n\n\n<p><\/p>\n\n\n\n<figure class=\"wp-block-image size-large\"><img decoding=\"async\" src=\"https:\/\/radiostudiow.com.br\/site\/wp-content\/uploads\/2025\/01\/anigif_medio_ok-1024x213.gif\" alt=\"\" class=\"wp-image-32977\"\/><\/figure>\n","protected":false},"excerpt":{"rendered":"<p>Na madrugada desta quinta-feira (30), por volta de 1h35, uma equipe da Pol\u00edcia Militar realizava patrulhamento na Vila Bom Jesus, em S\u00e3o Mateus do Sul, quando abordou um ve\u00edculo GM\/Blazer no Centro da cidade.&nbsp; Durante a revista pessoal no condutor, nada de il\u00edcito foi encontrado. No entanto, ao realizar a busca veicular, os policiais localizaram [&hellip;]<\/p>\n","protected":false},"author":2,"featured_media":33476,"comment_status":"open","ping_status":"open","sticky":false,"template":"","format":"standard","meta":{"footnotes":""},"categories":[2,185],"tags":[172],"class_list":["post-33472","post","type-post","status-publish","format-standard","has-post-thumbnail","hentry","category-policial","category-regional","tag-featured"],"amp_enabled":true,"_links":{"self":[{"href":"https:\/\/radiostudiow.com.br\/site\/wp-json\/wp\/v2\/posts\/33472","targetHints":{"allow":["GET"]}}],"collection":[{"href":"https:\/\/radiostudiow.com.br\/site\/wp-json\/wp\/v2\/posts"}],"about":[{"href":"https:\/\/radiostudiow.com.br\/site\/wp-json\/wp\/v2\/types\/post"}],"author":[{"embeddable":true,"href":"https:\/\/radiostudiow.com.br\/site\/wp-json\/wp\/v2\/users\/2"}],"replies":[{"embeddable":true,"href":"https:\/\/radiostudiow.com.br\/site\/wp-json\/wp\/v2\/comments?post=33472"}],"version-history":[{"count":1,"href":"https:\/\/radiostudiow.com.br\/site\/wp-json\/wp\/v2\/posts\/33472\/revisions"}],"predecessor-version":[{"id":33487,"href":"https:\/\/radiostudiow.com.br\/site\/wp-json\/wp\/v2\/posts\/33472\/revisions\/33487"}],"wp:featuredmedia":[{"embeddable":true,"href":"https:\/\/radiostudiow.com.br\/site\/wp-json\/wp\/v2\/media\/33476"}],"wp:attachment":[{"href":"https:\/\/radiostudiow.com.br\/site\/wp-json\/wp\/v2\/media?parent=33472"}],"wp:term":[{"taxonomy":"category","embeddable":true,"href":"https:\/\/radiostudiow.com.br\/site\/wp-json\/wp\/v2\/categories?post=33472"},{"taxonomy":"post_tag","embeddable":true,"href":"https:\/\/radiostudiow.com.br\/site\/wp-json\/wp\/v2\/tags?post=33472"}],"curies":[{"name":"wp","href":"https:\/\/api.w.org\/{rel}","templated":true}]}}