{"id":33473,"date":"2025-01-30T11:43:25","date_gmt":"2025-01-30T14:43:25","guid":{"rendered":"https:\/\/radiostudiow.com.br\/site\/?p=33473"},"modified":"2025-01-31T14:53:23","modified_gmt":"2025-01-31T17:53:23","slug":"ipva-2025-de-veiculos-com-final-de-placa-9-e-0-vence-nesta-quinta-feira","status":"publish","type":"post","link":"https:\/\/radiostudiow.com.br\/site\/2025\/01\/30\/ipva-2025-de-veiculos-com-final-de-placa-9-e-0-vence-nesta-quinta-feira\/","title":{"rendered":"IPVA 2025 de ve\u00edculos com final de placa 9 e 0 vence nesta quinta-feira"},"content":{"rendered":"\n<figure class=\"wp-block-image size-full\"><img loading=\"lazy\" decoding=\"async\" width=\"897\" height=\"204\" src=\"https:\/\/radiostudiow.com.br\/site\/wp-content\/uploads\/2025\/01\/SITE-GRANDE3.png\" alt=\"\" class=\"wp-image-32900\" srcset=\"https:\/\/radiostudiow.com.br\/site\/wp-content\/uploads\/2025\/01\/SITE-GRANDE3.png 897w, https:\/\/radiostudiow.com.br\/site\/wp-content\/uploads\/2025\/01\/SITE-GRANDE3-300x68.png 300w, https:\/\/radiostudiow.com.br\/site\/wp-content\/uploads\/2025\/01\/SITE-GRANDE3-768x175.png 768w\" sizes=\"auto, (max-width: 897px) 100vw, 897px\" \/><\/figure>\n\n\n\n<p><\/p>\n\n\n\n<p style=\"font-size:21px\">A quinta-feira (30) \u00e9 o \u00faltimo dia para que&nbsp; propriet\u00e1rios de ve\u00edculos com final de placa 9 e 0 fa\u00e7am o pagamento do Imposto sobre a Propriedade de Ve\u00edculos Automotores (IPVA) de 2025. O prazo \u00e9 v\u00e1lido tanto para quem for optar pela parcela \u00fanica quanto quem for pagar apenas a primeira cota no caso do parcelamento em cinco vezes.&nbsp;<\/p>\n\n\n\n<p style=\"font-size:21px\">Este \u00e9 o \u00faltimo grupo que pode contar com o desconto de 6% no pagamento \u00e0 vista. Por isso, quem pretende aproveitar a redu\u00e7\u00e3o no valor do imposto, o ideal \u00e9 n\u00e3o deixar para a \u00faltima hora. Embora seja poss\u00edvel pagar at\u00e9 os \u00faltimos minutos de quinta-feira, os contribuintes precisam ficar atentos aos limites de hor\u00e1rios de seus respectivos bancos.<\/p>\n\n\n\n<p style=\"font-size:21px\">O prazo original para o pagamento do imposto para ve\u00edculos com final de placa 9 e 0 era na \u00faltima sexta-feira (24), mas os paranaenses tiveram o prazo de pagamento prorrogado. A Secretaria de Estado da Fazenda (Sefa) e a Receita Estadual adiaram o calend\u00e1rio do IPVA 2025 ap\u00f3s o sistema de recolhimento do imposto passar por instabilidades na semana passada. Assim, para garantir que nenhum motorista fosse prejudicado, optou-se por postergar o calend\u00e1rio.<\/p>\n\n\n\n<p style=\"font-size:21px\">Desde sexta-feira, quando o cronograma foi retomado para os&nbsp; propriet\u00e1rios de ve\u00edculos com final de placa 1 e 2, a plataforma de pagamentos segue operando normalmente.<\/p>\n\n\n\n<p style=\"font-size:21px\"><strong>Confira o calend\u00e1rio atualizado para pagamentos \u00e0 vista ou da primeira parcela:<\/strong><\/p>\n\n\n\n<figure class=\"wp-block-image size-large\"><img loading=\"lazy\" decoding=\"async\" width=\"1024\" height=\"576\" src=\"https:\/\/radiostudiow.com.br\/site\/wp-content\/uploads\/2025\/01\/ipva1-1-1024x576.jpg\" alt=\"\" class=\"wp-image-33212\" srcset=\"https:\/\/radiostudiow.com.br\/site\/wp-content\/uploads\/2025\/01\/ipva1-1-1024x576.jpg 1024w, https:\/\/radiostudiow.com.br\/site\/wp-content\/uploads\/2025\/01\/ipva1-1-300x169.jpg 300w, https:\/\/radiostudiow.com.br\/site\/wp-content\/uploads\/2025\/01\/ipva1-1-768x432.jpg 768w, https:\/\/radiostudiow.com.br\/site\/wp-content\/uploads\/2025\/01\/ipva1-1-1536x864.jpg 1536w, https:\/\/radiostudiow.com.br\/site\/wp-content\/uploads\/2025\/01\/ipva1-1.jpg 1920w\" sizes=\"auto, (max-width: 1024px) 100vw, 1024px\" \/><\/figure>\n\n\n\n<p><\/p>\n\n\n\n<p style=\"font-size:21px\">O novo calend\u00e1rio, por\u00e9m, n\u00e3o altera as datas de vencimento das demais parcelas, de fevereiro a maio. Nesse caso, os prazos divulgados anteriormente continuam os mesmos.<\/p>\n\n\n\n<p style=\"font-size:21px\"><strong>S\u00e3o eles:<\/strong><\/p>\n\n\n\n<figure class=\"wp-block-image size-large\"><img loading=\"lazy\" decoding=\"async\" width=\"1024\" height=\"576\" src=\"https:\/\/radiostudiow.com.br\/site\/wp-content\/uploads\/2025\/01\/ipva2-2-1024x576.jpg\" alt=\"\" class=\"wp-image-33213\" srcset=\"https:\/\/radiostudiow.com.br\/site\/wp-content\/uploads\/2025\/01\/ipva2-2-1024x576.jpg 1024w, https:\/\/radiostudiow.com.br\/site\/wp-content\/uploads\/2025\/01\/ipva2-2-300x169.jpg 300w, https:\/\/radiostudiow.com.br\/site\/wp-content\/uploads\/2025\/01\/ipva2-2-768x432.jpg 768w, https:\/\/radiostudiow.com.br\/site\/wp-content\/uploads\/2025\/01\/ipva2-2-1536x864.jpg 1536w, https:\/\/radiostudiow.com.br\/site\/wp-content\/uploads\/2025\/01\/ipva2-2.jpg 1920w\" sizes=\"auto, (max-width: 1024px) 100vw, 1024px\" \/><\/figure>\n\n\n\n<p><\/p>\n\n\n\n<figure class=\"wp-block-image size-full\"><img loading=\"lazy\" decoding=\"async\" width=\"897\" height=\"204\" src=\"https:\/\/radiostudiow.com.br\/site\/wp-content\/uploads\/2024\/01\/SITE-GRANDE3.png\" alt=\"zaions\" class=\"wp-image-18936\" srcset=\"https:\/\/radiostudiow.com.br\/site\/wp-content\/uploads\/2024\/01\/SITE-GRANDE3.png 897w, https:\/\/radiostudiow.com.br\/site\/wp-content\/uploads\/2024\/01\/SITE-GRANDE3-300x68.png 300w, https:\/\/radiostudiow.com.br\/site\/wp-content\/uploads\/2024\/01\/SITE-GRANDE3-768x175.png 768w\" sizes=\"auto, (max-width: 897px) 100vw, 897px\" \/><\/figure>\n\n\n\n<p><\/p>\n\n\n\n<p style=\"font-size:21px\"><strong>COMO PAGAR <\/strong>\u2013 Os contribuintes do Paran\u00e1 devem gerar as guias de recolhimento (GR-PR) para pagamento por meio dos canais oficiais. Elas devem ser emitidas pelo <a href=\"https:\/\/www.contribuinte.fazenda.pr.gov.br\/ipva\/faces\/home\"><strong>Portal do IPVA<\/strong><\/a> ou o<a href=\"https:\/\/arrecadacao.fazenda.pr.gov.br\/\"><strong> Portal de Pagamentos de Tributos.<\/strong><\/a><\/p>\n\n\n\n<p style=\"font-size:21px\">Tamb\u00e9m \u00e9 poss\u00edvel emitir as guias pelo aplicativo servi\u00e7os R\u00e1pidos, da Receita Estadual, dispon\u00edvel para iOS e Android.&nbsp;<\/p>\n\n\n\n<p style=\"font-size:21px\">O pagamento em cota \u00fanica garante 6% de desconto sobre o valor total do imposto. Tamb\u00e9m \u00e9 poss\u00edvel parcelar o IPVA 2025 em cinco vezes sem juros diretamente pela plataforma.<\/p>\n\n\n\n<p style=\"font-size:21px\"><strong>CUIDADO COM GOLPES<\/strong> \u2013 A Receita Estadual refor\u00e7a mais uma vez os cuidados com golpes envolvendo o IPVA. com o in\u00edcio dos pagamentos, na semana passada, o surgimento de p\u00e1ginas fraudulentas voltou a crescer e, por isso, o pedido \u00e9 para que os paranaenses redobrem a aten\u00e7\u00e3o na hora de fazer o pagamento.<\/p>\n\n\n\n<p style=\"font-size:21px\">A recomenda\u00e7\u00e3o \u00e9 que o contribuinte acesse diretamente os canais oficiais, evitando clicar em links enviados por email ou mensagens. Tamb\u00e9m \u00e9 aconselhado evitar plataformas de buscas, j\u00e1 que muitos sites falsos se aproveitam de ferramentas de impulsionamento para aparecerem nos primeiros resultados. Ao acessar uma p\u00e1gina, o ideal \u00e9 sempre garantir que ele termine com a extens\u00e3o \u201c.pr.gov.br\u201d.<\/p>\n\n\n\n<p style=\"font-size:21px\">Outra dica importante \u00e9 sempre conferir o destinat\u00e1rio do pagamento, seja pela guia quanto no pagamento via Pix. No caso, a informa\u00e7\u00e3o que deve constar \u00e9 sempre \u201cGoverno do Paran\u00e1 Secretaria de Estado da Fazenda\u201d.<\/p>\n\n\n\n<p><\/p>\n\n\n\n<figure class=\"wp-block-image size-full\"><img loading=\"lazy\" decoding=\"async\" width=\"900\" height=\"408\" src=\"https:\/\/radiostudiow.com.br\/site\/wp-content\/uploads\/2025\/01\/SITE-E-TV.png\" alt=\"\" class=\"wp-image-33052\" srcset=\"https:\/\/radiostudiow.com.br\/site\/wp-content\/uploads\/2025\/01\/SITE-E-TV.png 900w, https:\/\/radiostudiow.com.br\/site\/wp-content\/uploads\/2025\/01\/SITE-E-TV-300x136.png 300w, https:\/\/radiostudiow.com.br\/site\/wp-content\/uploads\/2025\/01\/SITE-E-TV-768x348.png 768w\" sizes=\"auto, (max-width: 900px) 100vw, 900px\" \/><\/figure>\n\n\n\n<p><\/p>\n\n\n\n<p style=\"font-size:21px\"><strong>IPVA 2025 <\/strong>\u2013 O IPVA \u00e9 a segunda maior fonte de arrecada\u00e7\u00e3o do Estado, atr\u00e1s apenas do Imposto sobre Circula\u00e7\u00e3o de Mercadorias e Servi\u00e7os (ICMS). No Paran\u00e1, a al\u00edquota \u00e9 de 3,5% sobre o valor venal de carros e motos em geral, e de 1% para \u00f4nibus, caminh\u00f5es, ve\u00edculos de aluguel, utilit\u00e1rios de carga ou movidos a g\u00e1s natural veicular (GNV).<\/p>\n\n\n\n<p style=\"font-size:21px\">Para 2025, a Receita Estadual lan\u00e7ou um total de R$ 6,78 bilh\u00f5es sobre uma frota tribut\u00e1vel de mais de 4 milh\u00f5es de ve\u00edculos. Pela legisla\u00e7\u00e3o, metade do valor arrecadado com o imposto \u00e9 repassado aos munic\u00edpios de emplacamento e o restante \u00e9 usado pelo Estado para o financiamento de obras e custeio de atividades das \u00e1reas de sa\u00fade, educa\u00e7\u00e3o e seguran\u00e7a p\u00fablica.<\/p>\n\n\n\n<p style=\"font-size:21px\">A inadimpl\u00eancia com o tributo impede a emiss\u00e3o do Certificado e Licenciamento do Registro do Ve\u00edculo (CRLV), documento de uso obrigat\u00f3rio para circula\u00e7\u00e3o. Trafegar sem ele implica em multa pelas autoridades de tr\u00e2nsito e na reten\u00e7\u00e3o do ve\u00edculo at\u00e9 a regulariza\u00e7\u00e3o da pend\u00eancia.<\/p>\n\n\n\n<p style=\"font-size:21px\">O n\u00e3o pagamento do IPVA tamb\u00e9m impossibilita a transfer\u00eancia de propriedade do ve\u00edculo, al\u00e9m de restringir a obten\u00e7\u00e3o de Certid\u00e3o Negativa de Tributos junto \u00e0 Receita Estadual.<\/p>\n\n\n\n<p><\/p>\n\n\n\n<figure class=\"wp-block-gallery has-nested-images columns-default is-cropped wp-block-gallery-1 is-layout-flex wp-block-gallery-is-layout-flex\">\n<figure class=\"wp-block-image size-large\"><img loading=\"lazy\" decoding=\"async\" width=\"300\" height=\"180\" data-id=\"32894\" src=\"https:\/\/radiostudiow.com.br\/site\/wp-content\/uploads\/2025\/01\/SITE-PEQUENO2.png\" alt=\"\" class=\"wp-image-32894\"\/><\/figure>\n\n\n\n<figure class=\"wp-block-image size-large\"><img loading=\"lazy\" decoding=\"async\" width=\"300\" height=\"180\" data-id=\"32851\" src=\"https:\/\/radiostudiow.com.br\/site\/wp-content\/uploads\/2025\/01\/SITE-PEQUENO3.png\" alt=\"\" class=\"wp-image-32851\"\/><\/figure>\n\n\n\n<figure class=\"wp-block-image size-large\"><img loading=\"lazy\" decoding=\"async\" width=\"300\" height=\"180\" data-id=\"32833\" src=\"https:\/\/radiostudiow.com.br\/site\/wp-content\/uploads\/2025\/01\/SITE-PEQUENO.png\" alt=\"\" class=\"wp-image-32833\"\/><\/figure>\n<\/figure>\n","protected":false},"excerpt":{"rendered":"<p>A quinta-feira (30) \u00e9 o \u00faltimo dia para que&nbsp; propriet\u00e1rios de ve\u00edculos com final de placa 9 e 0 fa\u00e7am o pagamento do Imposto sobre a Propriedade de Ve\u00edculos Automotores (IPVA) de 2025. O prazo \u00e9 v\u00e1lido tanto para quem for optar pela parcela \u00fanica quanto quem for pagar apenas a primeira cota no caso [&hellip;]<\/p>\n","protected":false},"author":2,"featured_media":33480,"comment_status":"open","ping_status":"open","sticky":false,"template":"","format":"standard","meta":{"footnotes":""},"categories":[7],"tags":[172],"class_list":["post-33473","post","type-post","status-publish","format-standard","has-post-thumbnail","hentry","category-geral","tag-featured"],"amp_enabled":true,"_links":{"self":[{"href":"https:\/\/radiostudiow.com.br\/site\/wp-json\/wp\/v2\/posts\/33473","targetHints":{"allow":["GET"]}}],"collection":[{"href":"https:\/\/radiostudiow.com.br\/site\/wp-json\/wp\/v2\/posts"}],"about":[{"href":"https:\/\/radiostudiow.com.br\/site\/wp-json\/wp\/v2\/types\/post"}],"author":[{"embeddable":true,"href":"https:\/\/radiostudiow.com.br\/site\/wp-json\/wp\/v2\/users\/2"}],"replies":[{"embeddable":true,"href":"https:\/\/radiostudiow.com.br\/site\/wp-json\/wp\/v2\/comments?post=33473"}],"version-history":[{"count":1,"href":"https:\/\/radiostudiow.com.br\/site\/wp-json\/wp\/v2\/posts\/33473\/revisions"}],"predecessor-version":[{"id":33481,"href":"https:\/\/radiostudiow.com.br\/site\/wp-json\/wp\/v2\/posts\/33473\/revisions\/33481"}],"wp:featuredmedia":[{"embeddable":true,"href":"https:\/\/radiostudiow.com.br\/site\/wp-json\/wp\/v2\/media\/33480"}],"wp:attachment":[{"href":"https:\/\/radiostudiow.com.br\/site\/wp-json\/wp\/v2\/media?parent=33473"}],"wp:term":[{"taxonomy":"category","embeddable":true,"href":"https:\/\/radiostudiow.com.br\/site\/wp-json\/wp\/v2\/categories?post=33473"},{"taxonomy":"post_tag","embeddable":true,"href":"https:\/\/radiostudiow.com.br\/site\/wp-json\/wp\/v2\/tags?post=33473"}],"curies":[{"name":"wp","href":"https:\/\/api.w.org\/{rel}","templated":true}]}}