{"id":33490,"date":"2025-01-30T14:46:54","date_gmt":"2025-01-30T17:46:54","guid":{"rendered":"https:\/\/radiostudiow.com.br\/site\/?p=33490"},"modified":"2025-01-31T14:53:23","modified_gmt":"2025-01-31T17:53:23","slug":"pamela-gabrielly-lins-foi-vitima-de-feminicidio-segundo-a-policia-civil","status":"publish","type":"post","link":"https:\/\/radiostudiow.com.br\/site\/2025\/01\/30\/pamela-gabrielly-lins-foi-vitima-de-feminicidio-segundo-a-policia-civil\/","title":{"rendered":"Pamela Gabrielly Lins foi v\u00edtima de feminic\u00eddio, segundo a Pol\u00edcia Civil"},"content":{"rendered":"\n<figure class=\"wp-block-image size-full\"><img loading=\"lazy\" decoding=\"async\" width=\"897\" height=\"204\" src=\"https:\/\/radiostudiow.com.br\/site\/wp-content\/uploads\/2024\/01\/SITE-GRANDE3.png\" alt=\"zaions\" class=\"wp-image-18936\" srcset=\"https:\/\/radiostudiow.com.br\/site\/wp-content\/uploads\/2024\/01\/SITE-GRANDE3.png 897w, https:\/\/radiostudiow.com.br\/site\/wp-content\/uploads\/2024\/01\/SITE-GRANDE3-300x68.png 300w, https:\/\/radiostudiow.com.br\/site\/wp-content\/uploads\/2024\/01\/SITE-GRANDE3-768x175.png 768w\" sizes=\"auto, (max-width: 897px) 100vw, 897px\" \/><\/figure>\n\n\n\n<p><\/p>\n\n\n\n<p><\/p>\n\n\n\n<p style=\"font-size:21px\">O delegado da Delegacia da Mulher de Uni\u00e3o da Vit\u00f3ria,&nbsp;<strong>Thiers Andregotti<\/strong>, esclareceu detalhes sobre o feminic\u00eddio da adolescente&nbsp;<strong>Pamela Lins<\/strong>, cujo corpo foi encontrado no in\u00edcio desta semana em General Carneiro.<\/p>\n\n\n\n<p style=\"font-size:21px\">A per\u00edcia confirmou que a causa da morte foi&nbsp;<strong>asfixia por estrangulamento<\/strong>, descartando afogamento, pois n\u00e3o foram encontradas evid\u00eancias de \u00e1gua nos pulm\u00f5es. Pamela foi morta antes de ser arremessada no rio na localidade de&nbsp;<strong>Salto Lili, em General Carneiro<\/strong>.<\/p>\n\n\n\n<h3 class=\"wp-block-heading\" style=\"font-size:28px\"><strong>Rela\u00e7\u00e3o com o autor do crime<\/strong><\/h3>\n\n\n\n<p style=\"font-size:21px\">As investiga\u00e7\u00f5es apontaram que&nbsp;<strong>Adenir Rodrigues<\/strong>, autor do feminic\u00eddio, se considerava pai adotivo de Pamela. Eles conviveram juntos por anos at\u00e9 que um conflito os afastou, fazendo com que a adolescente morasse em outras cidades com familiares.<\/p>\n\n\n\n<p style=\"font-size:21px\">Recentemente, Pamela retornou a&nbsp;<strong>General Carneiro<\/strong>&nbsp;e foi novamente acolhida por Adenir.<\/p>\n\n\n\n<p style=\"font-size:21px\">No \u00faltimo domingo, Pamela, Adenir e a atual namorada dele participaram de um anivers\u00e1rio.<strong>&nbsp;Segundo uma testemunha, um desentendimento por ci\u00fames teria ocorrido no local.<\/strong><\/p>\n\n\n\n<p style=\"font-size:21px\">Durante as investiga\u00e7\u00f5es, cinco testemunhas relataram que&nbsp;<strong>Adenir abusava de Pamela e mantinha uma rela\u00e7\u00e3o amorosa com ela<\/strong>.<\/p>\n\n\n\n<p style=\"font-size:21px\">Ao voltarem para casa,&nbsp;<strong>Adenir, tomado por extrema viol\u00eancia, decidiu matar Pamela<\/strong>, utilizando uma pequena corda ou cabo para estrangul\u00e1-la. Em seguida, ele colocou o corpo em um caminhonete&nbsp;<strong>GM\/S10<\/strong>&nbsp;e o arremessou no rio&nbsp;<strong>para ocultar o crime e dificultar a investiga\u00e7\u00e3o<\/strong>.<\/p>\n\n\n\n<p><\/p>\n\n\n\n<figure class=\"wp-block-image size-full\"><img loading=\"lazy\" decoding=\"async\" width=\"900\" height=\"205\" src=\"https:\/\/radiostudiow.com.br\/site\/wp-content\/uploads\/2024\/03\/bannertijolao-e1733625657395.jpg\" alt=\"\" class=\"wp-image-20494\" srcset=\"https:\/\/radiostudiow.com.br\/site\/wp-content\/uploads\/2024\/03\/bannertijolao-e1733625657395.jpg 900w, https:\/\/radiostudiow.com.br\/site\/wp-content\/uploads\/2024\/03\/bannertijolao-e1733625657395-300x68.jpg 300w, https:\/\/radiostudiow.com.br\/site\/wp-content\/uploads\/2024\/03\/bannertijolao-e1733625657395-768x175.jpg 768w\" sizes=\"auto, (max-width: 900px) 100vw, 900px\" \/><\/figure>\n\n\n\n<figure class=\"wp-block-image size-full\"><img loading=\"lazy\" decoding=\"async\" width=\"897\" height=\"204\" src=\"https:\/\/radiostudiow.com.br\/site\/wp-content\/uploads\/2024\/08\/TIJOLAO.png\" alt=\"\" class=\"wp-image-25951\" srcset=\"https:\/\/radiostudiow.com.br\/site\/wp-content\/uploads\/2024\/08\/TIJOLAO.png 897w, https:\/\/radiostudiow.com.br\/site\/wp-content\/uploads\/2024\/08\/TIJOLAO-300x68.png 300w, https:\/\/radiostudiow.com.br\/site\/wp-content\/uploads\/2024\/08\/TIJOLAO-768x175.png 768w\" sizes=\"auto, (max-width: 897px) 100vw, 897px\" \/><\/figure>\n\n\n\n<p><\/p>\n\n\n\n<h3 class=\"wp-block-heading\" style=\"font-size:28px\"><strong>Tentativa de enganar as autoridades<\/strong><\/h3>\n\n\n\n<p style=\"font-size:21px\">Na segunda-feira, 26,&nbsp;<strong>Adenir procurou a Pol\u00edcia Militar e registrou o desaparecimento de Pamela<\/strong>, alegando que a adolescente havia sa\u00eddo para tomar sorvete e n\u00e3o tinha retornado. Durante as investiga\u00e7\u00f5es, ele&nbsp;<strong>manteve essa vers\u00e3o falsa<\/strong>&nbsp;e at\u00e9 compareceu ao vel\u00f3rio de Pamela.<\/p>\n\n\n\n<p style=\"font-size:21px\">Na quarta-feira, 29, por\u00e9m,&nbsp;<strong>Adenir gravou um v\u00eddeo confessando o crime<\/strong>&nbsp;e, logo ap\u00f3s, cometeu suic\u00eddio com um disparo de arma de fogo na pr\u00f3pria cabe\u00e7a.<\/p>\n\n\n\n<p style=\"font-size:21px\">O v\u00eddeo foi obtido pelas autoridades, refor\u00e7ando as provas contra Adenir. A autoria do crime foi confirmada por&nbsp;<strong>sua confiss\u00e3o, testemunhos e imagens de c\u00e2meras de monitoramento<\/strong>.<\/p>\n\n\n\n<p style=\"font-size:21px\">A Pol\u00edcia Civil considera o caso esclarecido.<\/p>\n\n\n\n<p>Informa\u00e7\u00f5es: VVale<\/p>\n\n\n\n<p><\/p>\n\n\n\n<figure class=\"wp-block-image size-full\"><img decoding=\"async\" src=\"https:\/\/radiostudiow.com.br\/site\/wp-content\/uploads\/2024\/01\/SITE-GRANDE.png\" alt=\"\" class=\"wp-image-18949\"\/><\/figure>\n\n\n\n<figure class=\"wp-block-image size-full\"><img loading=\"lazy\" decoding=\"async\" width=\"897\" height=\"204\" src=\"https:\/\/radiostudiow.com.br\/site\/wp-content\/uploads\/2025\/01\/SITE-GRANDE3.png\" alt=\"\" class=\"wp-image-32900\" srcset=\"https:\/\/radiostudiow.com.br\/site\/wp-content\/uploads\/2025\/01\/SITE-GRANDE3.png 897w, https:\/\/radiostudiow.com.br\/site\/wp-content\/uploads\/2025\/01\/SITE-GRANDE3-300x68.png 300w, https:\/\/radiostudiow.com.br\/site\/wp-content\/uploads\/2025\/01\/SITE-GRANDE3-768x175.png 768w\" sizes=\"auto, (max-width: 897px) 100vw, 897px\" \/><\/figure>\n","protected":false},"excerpt":{"rendered":"<p>O delegado da Delegacia da Mulher de Uni\u00e3o da Vit\u00f3ria,&nbsp;Thiers Andregotti, esclareceu detalhes sobre o feminic\u00eddio da adolescente&nbsp;Pamela Lins, cujo corpo foi encontrado no in\u00edcio desta semana em General Carneiro. A per\u00edcia confirmou que a causa da morte foi&nbsp;asfixia por estrangulamento, descartando afogamento, pois n\u00e3o foram encontradas evid\u00eancias de \u00e1gua nos pulm\u00f5es. Pamela foi morta [&hellip;]<\/p>\n","protected":false},"author":2,"featured_media":33491,"comment_status":"open","ping_status":"open","sticky":false,"template":"","format":"standard","meta":{"footnotes":""},"categories":[2,185],"tags":[172],"class_list":["post-33490","post","type-post","status-publish","format-standard","has-post-thumbnail","hentry","category-policial","category-regional","tag-featured"],"amp_enabled":true,"_links":{"self":[{"href":"https:\/\/radiostudiow.com.br\/site\/wp-json\/wp\/v2\/posts\/33490","targetHints":{"allow":["GET"]}}],"collection":[{"href":"https:\/\/radiostudiow.com.br\/site\/wp-json\/wp\/v2\/posts"}],"about":[{"href":"https:\/\/radiostudiow.com.br\/site\/wp-json\/wp\/v2\/types\/post"}],"author":[{"embeddable":true,"href":"https:\/\/radiostudiow.com.br\/site\/wp-json\/wp\/v2\/users\/2"}],"replies":[{"embeddable":true,"href":"https:\/\/radiostudiow.com.br\/site\/wp-json\/wp\/v2\/comments?post=33490"}],"version-history":[{"count":1,"href":"https:\/\/radiostudiow.com.br\/site\/wp-json\/wp\/v2\/posts\/33490\/revisions"}],"predecessor-version":[{"id":33492,"href":"https:\/\/radiostudiow.com.br\/site\/wp-json\/wp\/v2\/posts\/33490\/revisions\/33492"}],"wp:featuredmedia":[{"embeddable":true,"href":"https:\/\/radiostudiow.com.br\/site\/wp-json\/wp\/v2\/media\/33491"}],"wp:attachment":[{"href":"https:\/\/radiostudiow.com.br\/site\/wp-json\/wp\/v2\/media?parent=33490"}],"wp:term":[{"taxonomy":"category","embeddable":true,"href":"https:\/\/radiostudiow.com.br\/site\/wp-json\/wp\/v2\/categories?post=33490"},{"taxonomy":"post_tag","embeddable":true,"href":"https:\/\/radiostudiow.com.br\/site\/wp-json\/wp\/v2\/tags?post=33490"}],"curies":[{"name":"wp","href":"https:\/\/api.w.org\/{rel}","templated":true}]}}