{"id":33495,"date":"2025-01-31T09:47:49","date_gmt":"2025-01-31T12:47:49","guid":{"rendered":"https:\/\/radiostudiow.com.br\/site\/?p=33495"},"modified":"2025-01-31T14:53:23","modified_gmt":"2025-01-31T17:53:23","slug":"corpo-encontrado-no-rio-iguacu-segue-sem-identificacao-oficial","status":"publish","type":"post","link":"https:\/\/radiostudiow.com.br\/site\/2025\/01\/31\/corpo-encontrado-no-rio-iguacu-segue-sem-identificacao-oficial\/","title":{"rendered":"Corpo encontrado no Rio Igua\u00e7u segue sem identifica\u00e7\u00e3o oficial"},"content":{"rendered":"\n<p><\/p>\n\n\n\n<figure class=\"wp-block-image size-full\"><img decoding=\"async\" src=\"https:\/\/radiostudiow.com.br\/site\/wp-content\/uploads\/2024\/01\/SITE-GRANDE.png\" alt=\"\" class=\"wp-image-18949\"\/><\/figure>\n\n\n\n<p><\/p>\n\n\n\n<p>Na manh\u00e3 desta quinta-feira (30), um corpo foi encontrado boiando no Rio Igua\u00e7u, em Uni\u00e3o da Vit\u00f3ria, nas proximidades da Ponte do Arco, no bairro Ponte Nova. Populares avistaram o corpo por volta das 9h e acionaram as autoridades competentes.<\/p>\n\n\n\n<p>O Instituto M\u00e9dico Legal (IML) foi chamado para realizar a remo\u00e7\u00e3o e iniciar os procedimentos de identifica\u00e7\u00e3o e investiga\u00e7\u00e3o.<\/p>\n\n\n\n<p>De acordo com informa\u00e7\u00f5es preliminares, o corpo j\u00e1 estava em avan\u00e7ado estado de decomposi\u00e7\u00e3o, o que dificultou a identifica\u00e7\u00e3o imediata da v\u00edtima e a determina\u00e7\u00e3o de poss\u00edveis ferimentos aparentes.<\/p>\n\n\n\n<p>A principal suspeita \u00e9 de que a causa da morte seja afogamento, mas exames detalhados ser\u00e3o realizados pelo IML para confirmar se houve algum outro fator envolvido. A pol\u00edcia tamb\u00e9m busca por eventuais testemunhas que possam fornecer informa\u00e7\u00f5es sobre o caso.<\/p>\n\n\n\n<p>Uma fam\u00edlia da regi\u00e3o entrou em contato com as autoridades relatando o desaparecimento de um parente, mas ainda aguarda a identifica\u00e7\u00e3o oficial. A Pol\u00edcia Cient\u00edfica informou que o reconhecimento poder\u00e1 ocorrer ainda nesta quinta-feira, por meio de exames de papiloscopia, que analisam as impress\u00f5es digitais da v\u00edtima.<\/p>\n\n\n\n<p>Este procedimento est\u00e1 sendo realizado em Curitiba. Al\u00e9m disso, o laudo de necropsia ser\u00e1 essencial para determinar a causa da morte e auxiliar na linha de investiga\u00e7\u00e3o adotada pela pol\u00edcia.<\/p>\n\n\n\n<p>As autoridades seguem investigando o caso e mais informa\u00e7\u00f5es ser\u00e3o divulgadas assim que novos detalhes forem confirmados.<\/p>\n\n\n\n<p><\/p>\n\n\n\n<figure class=\"wp-block-gallery has-nested-images columns-2 is-cropped wp-block-gallery-1 is-layout-flex wp-block-gallery-is-layout-flex\">\n<figure class=\"wp-block-image size-full\"><img loading=\"lazy\" decoding=\"async\" width=\"598\" height=\"204\" data-id=\"32844\" src=\"https:\/\/radiostudiow.com.br\/site\/wp-content\/uploads\/2025\/01\/SITE-MEDIO2.png\" alt=\"\" class=\"wp-image-32844\" srcset=\"https:\/\/radiostudiow.com.br\/site\/wp-content\/uploads\/2025\/01\/SITE-MEDIO2.png 598w, https:\/\/radiostudiow.com.br\/site\/wp-content\/uploads\/2025\/01\/SITE-MEDIO2-300x102.png 300w\" sizes=\"auto, (max-width: 598px) 100vw, 598px\" \/><\/figure>\n\n\n\n<figure class=\"wp-block-image size-full\"><img loading=\"lazy\" decoding=\"async\" width=\"598\" height=\"204\" data-id=\"32815\" src=\"https:\/\/radiostudiow.com.br\/site\/wp-content\/uploads\/2025\/01\/SITE-MEDIO3.png\" alt=\"\" class=\"wp-image-32815\" srcset=\"https:\/\/radiostudiow.com.br\/site\/wp-content\/uploads\/2025\/01\/SITE-MEDIO3.png 598w, https:\/\/radiostudiow.com.br\/site\/wp-content\/uploads\/2025\/01\/SITE-MEDIO3-300x102.png 300w\" sizes=\"auto, (max-width: 598px) 100vw, 598px\" \/><\/figure>\n<\/figure>\n","protected":false},"excerpt":{"rendered":"<p>Na manh\u00e3 desta quinta-feira (30), um corpo foi encontrado boiando no Rio Igua\u00e7u, em Uni\u00e3o da Vit\u00f3ria, nas proximidades da Ponte do Arco, no bairro Ponte Nova. Populares avistaram o corpo por volta das 9h e acionaram as autoridades competentes. O Instituto M\u00e9dico Legal (IML) foi chamado para realizar a remo\u00e7\u00e3o e iniciar os procedimentos [&hellip;]<\/p>\n","protected":false},"author":2,"featured_media":29627,"comment_status":"open","ping_status":"open","sticky":false,"template":"","format":"standard","meta":{"footnotes":""},"categories":[2,185],"tags":[172],"class_list":["post-33495","post","type-post","status-publish","format-standard","has-post-thumbnail","hentry","category-policial","category-regional","tag-featured"],"amp_enabled":true,"_links":{"self":[{"href":"https:\/\/radiostudiow.com.br\/site\/wp-json\/wp\/v2\/posts\/33495","targetHints":{"allow":["GET"]}}],"collection":[{"href":"https:\/\/radiostudiow.com.br\/site\/wp-json\/wp\/v2\/posts"}],"about":[{"href":"https:\/\/radiostudiow.com.br\/site\/wp-json\/wp\/v2\/types\/post"}],"author":[{"embeddable":true,"href":"https:\/\/radiostudiow.com.br\/site\/wp-json\/wp\/v2\/users\/2"}],"replies":[{"embeddable":true,"href":"https:\/\/radiostudiow.com.br\/site\/wp-json\/wp\/v2\/comments?post=33495"}],"version-history":[{"count":1,"href":"https:\/\/radiostudiow.com.br\/site\/wp-json\/wp\/v2\/posts\/33495\/revisions"}],"predecessor-version":[{"id":33496,"href":"https:\/\/radiostudiow.com.br\/site\/wp-json\/wp\/v2\/posts\/33495\/revisions\/33496"}],"wp:featuredmedia":[{"embeddable":true,"href":"https:\/\/radiostudiow.com.br\/site\/wp-json\/wp\/v2\/media\/29627"}],"wp:attachment":[{"href":"https:\/\/radiostudiow.com.br\/site\/wp-json\/wp\/v2\/media?parent=33495"}],"wp:term":[{"taxonomy":"category","embeddable":true,"href":"https:\/\/radiostudiow.com.br\/site\/wp-json\/wp\/v2\/categories?post=33495"},{"taxonomy":"post_tag","embeddable":true,"href":"https:\/\/radiostudiow.com.br\/site\/wp-json\/wp\/v2\/tags?post=33495"}],"curies":[{"name":"wp","href":"https:\/\/api.w.org\/{rel}","templated":true}]}}