{"id":33497,"date":"2025-01-31T10:22:57","date_gmt":"2025-01-31T13:22:57","guid":{"rendered":"https:\/\/radiostudiow.com.br\/site\/?p=33497"},"modified":"2025-01-31T14:53:23","modified_gmt":"2025-01-31T17:53:23","slug":"caso-pamela-lins-prisao-de-namorada-do-autor-levanta-novas-suspeitas","status":"publish","type":"post","link":"https:\/\/radiostudiow.com.br\/site\/2025\/01\/31\/caso-pamela-lins-prisao-de-namorada-do-autor-levanta-novas-suspeitas\/","title":{"rendered":"Caso Pamela Lins: Pris\u00e3o de Namorada do Autor Levanta Novas Suspeitas"},"content":{"rendered":"\n<p><\/p>\n\n\n\n<figure class=\"wp-block-image size-full\"><img loading=\"lazy\" decoding=\"async\" width=\"897\" height=\"204\" src=\"https:\/\/radiostudiow.com.br\/site\/wp-content\/uploads\/2024\/01\/SITE-GRANDE3.png\" alt=\"zaions\" class=\"wp-image-18936\" srcset=\"https:\/\/radiostudiow.com.br\/site\/wp-content\/uploads\/2024\/01\/SITE-GRANDE3.png 897w, https:\/\/radiostudiow.com.br\/site\/wp-content\/uploads\/2024\/01\/SITE-GRANDE3-300x68.png 300w, https:\/\/radiostudiow.com.br\/site\/wp-content\/uploads\/2024\/01\/SITE-GRANDE3-768x175.png 768w\" sizes=\"auto, (max-width: 897px) 100vw, 897px\" \/><\/figure>\n\n\n\n<p><\/p>\n\n\n\n<p style=\"font-size:21px\">A Pol\u00edcia Civil continua investigando o feminic\u00eddio da adolescente Pamela Gabrielly Lins, ocorrido em General Carneiro. O crime, cometido por Adenir Rodrigues da Silva, pai adotivo da v\u00edtima, ganhou novos desdobramentos com a pris\u00e3o de Rosane Padilha, namorada do autor, por destrui\u00e7\u00e3o de provas.<\/p>\n\n\n\n<p style=\"font-size:21px\">Agora, a pol\u00edcia tamb\u00e9m apura a possibilidade de seu envolvimento direto no assassinato.<\/p>\n\n\n\n<h3 class=\"wp-block-heading\" style=\"font-size:25px\"><strong>Din\u00e2mica do Crime e Investiga\u00e7\u00e3o<\/strong><\/h3>\n\n\n\n<p style=\"font-size:21px\">Pamela Gabrielly Lins foi assassinada no \u00faltimo domingo, 25, por estrangulamento. A per\u00edcia descartou afogamento, pois n\u00e3o havia sinais de \u00e1gua nos pulm\u00f5es. Ap\u00f3s cometer o crime, Adenir jogou o corpo da jovem em um rio na localidade de Salto Lili e tentou despistar as autoridades registrando um boletim de ocorr\u00eancia sobre seu desaparecimento. <\/p>\n\n\n\n<p style=\"font-size:21px\">Testemunhas relataram que o homem mantinha uma rela\u00e7\u00e3o abusiva com Pamela e que, no dia do crime, um desentendimento por ci\u00fames teria ocorrido durante uma confraterniza\u00e7\u00e3o.<\/p>\n\n\n\n<p style=\"font-size:21px\">Na quarta-feira, 29, Adenir gravou um v\u00eddeo confessando o crime e, em seguida, cometeu suic\u00eddio. No v\u00eddeo, ele afirmou que Rosane n\u00e3o teve participa\u00e7\u00e3o no assassinato e mencionou que deixaria bens para ela. <\/p>\n\n\n\n<p style=\"font-size:21px\">No entanto, as investiga\u00e7\u00f5es revelaram que Rosane pode ter tido um papel mais ativo na tentativa de ocultar o crime.<\/p>\n\n\n\n<p><\/p>\n\n\n\n<figure class=\"wp-block-gallery has-nested-images columns-default is-cropped wp-block-gallery-1 is-layout-flex wp-block-gallery-is-layout-flex\">\n<figure class=\"wp-block-image size-large\"><img loading=\"lazy\" decoding=\"async\" width=\"598\" height=\"204\" data-id=\"32810\" src=\"https:\/\/radiostudiow.com.br\/site\/wp-content\/uploads\/2025\/01\/SITE-MEDIO.png\" alt=\"\" class=\"wp-image-32810\" srcset=\"https:\/\/radiostudiow.com.br\/site\/wp-content\/uploads\/2025\/01\/SITE-MEDIO.png 598w, https:\/\/radiostudiow.com.br\/site\/wp-content\/uploads\/2025\/01\/SITE-MEDIO-300x102.png 300w\" sizes=\"auto, (max-width: 598px) 100vw, 598px\" \/><\/figure>\n\n\n\n<figure class=\"wp-block-image size-large\"><img loading=\"lazy\" decoding=\"async\" width=\"598\" height=\"204\" data-id=\"32801\" src=\"https:\/\/radiostudiow.com.br\/site\/wp-content\/uploads\/2025\/01\/SITE-MEDIO7.png\" alt=\"\" class=\"wp-image-32801\" srcset=\"https:\/\/radiostudiow.com.br\/site\/wp-content\/uploads\/2025\/01\/SITE-MEDIO7.png 598w, https:\/\/radiostudiow.com.br\/site\/wp-content\/uploads\/2025\/01\/SITE-MEDIO7-300x102.png 300w\" sizes=\"auto, (max-width: 598px) 100vw, 598px\" \/><\/figure>\n<\/figure>\n\n\n\n<p><\/p>\n\n\n\n<h3 class=\"wp-block-heading\" style=\"font-size:25px\"><strong>Pris\u00e3o de Rosane e Suspeita de Envolvimento<\/strong><\/h3>\n\n\n\n<p style=\"font-size:21px\">Na quinta-feira, 30, Rosane Padilha foi presa em flagrante ap\u00f3s ser flagrada queimando objetos de interesse da investiga\u00e7\u00e3o, como cordas, cabos, cartas, bilhetes e outros pertences pessoais na casa onde o crime ocorreu. <\/p>\n\n\n\n<p style=\"font-size:21px\">Entre os itens queimados, a pol\u00edcia identificou poss\u00edveis provas que poderiam esclarecer detalhes da execu\u00e7\u00e3o do feminic\u00eddio.<\/p>\n\n\n\n<p style=\"font-size:21px\">A a\u00e7\u00e3o de Rosane foi denunciada por testemunhas, que acionaram a pol\u00edcia ao perceberem a destrui\u00e7\u00e3o das evid\u00eancias. Os agentes chegaram rapidamente ao local e impediram que mais provas fossem eliminadas.<\/p>\n\n\n\n<p style=\"font-size:21px\">Inicialmente, Rosane alegou ter sido amea\u00e7ada por Adenir para ocultar informa\u00e7\u00f5es. No entanto, sua tentativa de destruir provas e a apresenta\u00e7\u00e3o de uma vers\u00e3o falsa dos acontecimentos \u00e0 pol\u00edcia levantaram novas suspeitas.<\/p>\n\n\n\n<p style=\"font-size:21px\">A pol\u00edcia agora investiga se Rosane teve apenas um papel na obstru\u00e7\u00e3o da justi\u00e7a ou se sua participa\u00e7\u00e3o no feminic\u00eddio foi mais direta.<\/p>\n\n\n\n<p style=\"font-size:21px\">Rosane responder\u00e1 por fraude processual, mas as investiga\u00e7\u00f5es continuam para esclarecer se ela esteve envolvida na execu\u00e7\u00e3o do crime. <\/p>\n\n\n\n<p style=\"font-size:21px\">A destrui\u00e7\u00e3o deliberada de evid\u00eancias e sua proximidade com Adenir no dia do assassinato refor\u00e7am as suspeitas sobre seu verdadeiro papel no caso.<\/p>\n\n\n\n<p><\/p>\n\n\n\n<figure class=\"wp-block-image size-full\"><img loading=\"lazy\" decoding=\"async\" width=\"900\" height=\"205\" src=\"https:\/\/radiostudiow.com.br\/site\/wp-content\/uploads\/2024\/03\/bannertijolao-e1733625657395.jpg\" alt=\"\" class=\"wp-image-20494\" srcset=\"https:\/\/radiostudiow.com.br\/site\/wp-content\/uploads\/2024\/03\/bannertijolao-e1733625657395.jpg 900w, https:\/\/radiostudiow.com.br\/site\/wp-content\/uploads\/2024\/03\/bannertijolao-e1733625657395-300x68.jpg 300w, https:\/\/radiostudiow.com.br\/site\/wp-content\/uploads\/2024\/03\/bannertijolao-e1733625657395-768x175.jpg 768w\" sizes=\"auto, (max-width: 900px) 100vw, 900px\" \/><\/figure>\n\n\n\n<figure class=\"wp-block-image size-full\"><img loading=\"lazy\" decoding=\"async\" width=\"897\" height=\"204\" src=\"https:\/\/radiostudiow.com.br\/site\/wp-content\/uploads\/2024\/08\/TIJOLAO.png\" alt=\"\" class=\"wp-image-25951\" srcset=\"https:\/\/radiostudiow.com.br\/site\/wp-content\/uploads\/2024\/08\/TIJOLAO.png 897w, https:\/\/radiostudiow.com.br\/site\/wp-content\/uploads\/2024\/08\/TIJOLAO-300x68.png 300w, https:\/\/radiostudiow.com.br\/site\/wp-content\/uploads\/2024\/08\/TIJOLAO-768x175.png 768w\" sizes=\"auto, (max-width: 897px) 100vw, 897px\" \/><\/figure>\n\n\n\n<p><\/p>\n\n\n\n<figure class=\"wp-block-gallery has-nested-images columns-1 wp-block-gallery-2 is-layout-flex wp-block-gallery-is-layout-flex\">\n<figure class=\"wp-block-image size-full\"><img loading=\"lazy\" decoding=\"async\" width=\"500\" height=\"324\" data-id=\"33501\" src=\"https:\/\/radiostudiow.com.br\/site\/wp-content\/uploads\/2025\/01\/06.jpeg\" alt=\"\" class=\"wp-image-33501\" srcset=\"https:\/\/radiostudiow.com.br\/site\/wp-content\/uploads\/2025\/01\/06.jpeg 500w, https:\/\/radiostudiow.com.br\/site\/wp-content\/uploads\/2025\/01\/06-300x194.jpeg 300w\" sizes=\"auto, (max-width: 500px) 100vw, 500px\" \/><\/figure>\n\n\n\n<figure class=\"wp-block-image size-full\"><img loading=\"lazy\" decoding=\"async\" width=\"500\" height=\"494\" data-id=\"33500\" src=\"https:\/\/radiostudiow.com.br\/site\/wp-content\/uploads\/2025\/01\/07.jpeg\" alt=\"\" class=\"wp-image-33500\" srcset=\"https:\/\/radiostudiow.com.br\/site\/wp-content\/uploads\/2025\/01\/07.jpeg 500w, https:\/\/radiostudiow.com.br\/site\/wp-content\/uploads\/2025\/01\/07-300x296.jpeg 300w, https:\/\/radiostudiow.com.br\/site\/wp-content\/uploads\/2025\/01\/07-80x80.jpeg 80w\" sizes=\"auto, (max-width: 500px) 100vw, 500px\" \/><\/figure>\n\n\n\n<figure class=\"wp-block-image size-full\"><img loading=\"lazy\" decoding=\"async\" width=\"500\" height=\"413\" data-id=\"33499\" src=\"https:\/\/radiostudiow.com.br\/site\/wp-content\/uploads\/2025\/01\/08.jpeg\" alt=\"\" class=\"wp-image-33499\" srcset=\"https:\/\/radiostudiow.com.br\/site\/wp-content\/uploads\/2025\/01\/08.jpeg 500w, https:\/\/radiostudiow.com.br\/site\/wp-content\/uploads\/2025\/01\/08-300x248.jpeg 300w\" sizes=\"auto, (max-width: 500px) 100vw, 500px\" \/><\/figure>\n\n\n\n<figure class=\"wp-block-image size-full\"><img loading=\"lazy\" decoding=\"async\" width=\"500\" height=\"477\" data-id=\"33498\" src=\"https:\/\/radiostudiow.com.br\/site\/wp-content\/uploads\/2025\/01\/09.jpeg\" alt=\"\" class=\"wp-image-33498\" srcset=\"https:\/\/radiostudiow.com.br\/site\/wp-content\/uploads\/2025\/01\/09.jpeg 500w, https:\/\/radiostudiow.com.br\/site\/wp-content\/uploads\/2025\/01\/09-300x286.jpeg 300w\" sizes=\"auto, (max-width: 500px) 100vw, 500px\" \/><\/figure>\n\n\n\n<figure class=\"wp-block-image size-full\"><img loading=\"lazy\" decoding=\"async\" width=\"720\" height=\"550\" data-id=\"33502\" src=\"https:\/\/radiostudiow.com.br\/site\/wp-content\/uploads\/2025\/01\/image-144.png\" alt=\"\" class=\"wp-image-33502\" srcset=\"https:\/\/radiostudiow.com.br\/site\/wp-content\/uploads\/2025\/01\/image-144.png 720w, https:\/\/radiostudiow.com.br\/site\/wp-content\/uploads\/2025\/01\/image-144-300x229.png 300w\" sizes=\"auto, (max-width: 720px) 100vw, 720px\" \/><\/figure>\n<\/figure>\n\n\n\n<p><\/p>\n\n\n\n<p><\/p>\n\n\n\n<p style=\"font-size:21px\">Confira a entrevista do Delegado Thiers Andregotti, para o Canal 4 TV:<\/p>\n\n\n\n<figure class=\"wp-block-embed is-type-video is-provider-youtube wp-block-embed-youtube wp-embed-aspect-16-9 wp-has-aspect-ratio\"><div class=\"wp-block-embed__wrapper\">\n<iframe loading=\"lazy\" title=\"Caso Pamela: Delegado conta que uma das motiva\u00e7\u00f5es do crime foi por ci\u00fames\" width=\"740\" height=\"416\" src=\"https:\/\/www.youtube.com\/embed\/r4clPrtyRAA?start=1&#038;feature=oembed\" frameborder=\"0\" allow=\"accelerometer; autoplay; clipboard-write; encrypted-media; gyroscope; picture-in-picture; web-share\" referrerpolicy=\"strict-origin-when-cross-origin\" allowfullscreen><\/iframe>\n<\/div><\/figure>\n\n\n\n<p><\/p>\n\n\n\n<figure class=\"wp-block-image size-full\"><img loading=\"lazy\" decoding=\"async\" width=\"897\" height=\"204\" src=\"https:\/\/radiostudiow.com.br\/site\/wp-content\/uploads\/2025\/01\/SITE-GRANDE3.png\" alt=\"\" class=\"wp-image-32900\" srcset=\"https:\/\/radiostudiow.com.br\/site\/wp-content\/uploads\/2025\/01\/SITE-GRANDE3.png 897w, https:\/\/radiostudiow.com.br\/site\/wp-content\/uploads\/2025\/01\/SITE-GRANDE3-300x68.png 300w, https:\/\/radiostudiow.com.br\/site\/wp-content\/uploads\/2025\/01\/SITE-GRANDE3-768x175.png 768w\" sizes=\"auto, (max-width: 897px) 100vw, 897px\" \/><\/figure>\n","protected":false},"excerpt":{"rendered":"<p>A Pol\u00edcia Civil continua investigando o feminic\u00eddio da adolescente Pamela Gabrielly Lins, ocorrido em General Carneiro. O crime, cometido por Adenir Rodrigues da Silva, pai adotivo da v\u00edtima, ganhou novos desdobramentos com a pris\u00e3o de Rosane Padilha, namorada do autor, por destrui\u00e7\u00e3o de provas. Agora, a pol\u00edcia tamb\u00e9m apura a possibilidade de seu envolvimento direto [&hellip;]<\/p>\n","protected":false},"author":2,"featured_media":33502,"comment_status":"open","ping_status":"open","sticky":false,"template":"","format":"standard","meta":{"footnotes":""},"categories":[2,185],"tags":[172],"class_list":["post-33497","post","type-post","status-publish","format-standard","has-post-thumbnail","hentry","category-policial","category-regional","tag-featured"],"amp_enabled":true,"_links":{"self":[{"href":"https:\/\/radiostudiow.com.br\/site\/wp-json\/wp\/v2\/posts\/33497","targetHints":{"allow":["GET"]}}],"collection":[{"href":"https:\/\/radiostudiow.com.br\/site\/wp-json\/wp\/v2\/posts"}],"about":[{"href":"https:\/\/radiostudiow.com.br\/site\/wp-json\/wp\/v2\/types\/post"}],"author":[{"embeddable":true,"href":"https:\/\/radiostudiow.com.br\/site\/wp-json\/wp\/v2\/users\/2"}],"replies":[{"embeddable":true,"href":"https:\/\/radiostudiow.com.br\/site\/wp-json\/wp\/v2\/comments?post=33497"}],"version-history":[{"count":1,"href":"https:\/\/radiostudiow.com.br\/site\/wp-json\/wp\/v2\/posts\/33497\/revisions"}],"predecessor-version":[{"id":33503,"href":"https:\/\/radiostudiow.com.br\/site\/wp-json\/wp\/v2\/posts\/33497\/revisions\/33503"}],"wp:featuredmedia":[{"embeddable":true,"href":"https:\/\/radiostudiow.com.br\/site\/wp-json\/wp\/v2\/media\/33502"}],"wp:attachment":[{"href":"https:\/\/radiostudiow.com.br\/site\/wp-json\/wp\/v2\/media?parent=33497"}],"wp:term":[{"taxonomy":"category","embeddable":true,"href":"https:\/\/radiostudiow.com.br\/site\/wp-json\/wp\/v2\/categories?post=33497"},{"taxonomy":"post_tag","embeddable":true,"href":"https:\/\/radiostudiow.com.br\/site\/wp-json\/wp\/v2\/tags?post=33497"}],"curies":[{"name":"wp","href":"https:\/\/api.w.org\/{rel}","templated":true}]}}