{"id":33504,"date":"2025-01-31T11:24:17","date_gmt":"2025-01-31T14:24:17","guid":{"rendered":"https:\/\/radiostudiow.com.br\/site\/?p=33504"},"modified":"2025-01-31T14:53:23","modified_gmt":"2025-01-31T17:53:23","slug":"caminhao-sai-da-pista-e-cai-em-ribanceira-na-br-153-em-general-carneiro","status":"publish","type":"post","link":"https:\/\/radiostudiow.com.br\/site\/2025\/01\/31\/caminhao-sai-da-pista-e-cai-em-ribanceira-na-br-153-em-general-carneiro\/","title":{"rendered":"Caminh\u00e3o sai da pista e cai em ribanceira na BR-153 em General Carneiro"},"content":{"rendered":"\n<figure class=\"wp-block-image size-full\"><img loading=\"lazy\" decoding=\"async\" width=\"897\" height=\"204\" src=\"https:\/\/radiostudiow.com.br\/site\/wp-content\/uploads\/2025\/01\/SITE-GRANDE3.png\" alt=\"\" class=\"wp-image-32900\" srcset=\"https:\/\/radiostudiow.com.br\/site\/wp-content\/uploads\/2025\/01\/SITE-GRANDE3.png 897w, https:\/\/radiostudiow.com.br\/site\/wp-content\/uploads\/2025\/01\/SITE-GRANDE3-300x68.png 300w, https:\/\/radiostudiow.com.br\/site\/wp-content\/uploads\/2025\/01\/SITE-GRANDE3-768x175.png 768w\" sizes=\"auto, (max-width: 897px) 100vw, 897px\" \/><\/figure>\n\n\n\n<p><\/p>\n\n\n\n<p style=\"font-size:21px\">Na quinta-feira, 30 de janeiro, um caminh\u00e3o VW\/24.250 de cor vermelha, com placas de Indaial\/SC, perdeu o controle, saiu da pista e caiu em uma ribanceira de aproximadamente 10 metros de altura na BR-153, em General Carneiro.<\/p>\n\n\n\n<p style=\"font-size:21px\">O acidente aconteceu na altura do quil\u00f4metro 509, na localidade conhecida como Fita Velha.<\/p>\n\n\n\n<p style=\"font-size:21px\">A ocorr\u00eancia foi atendida pela Defesa Civil, pelo Corpo de Bombeiros de General Carneiro, pelo SAMU e pela Pol\u00edcia Rodovi\u00e1ria Federal (PRF). Felizmente, apesar da gravidade do acidente, o motorista saiu ileso, sofrendo apenas um grande susto.<\/p>\n\n\n\n<p style=\"font-size:21px\">O caminh\u00e3o estava carregado no momento do acidente, que resultou apenas em danos materiais.<\/p>\n\n\n\n<p><\/p>\n\n\n\n<figure class=\"wp-block-image size-full\"><img loading=\"lazy\" decoding=\"async\" width=\"720\" height=\"557\" src=\"https:\/\/radiostudiow.com.br\/site\/wp-content\/uploads\/2025\/01\/image-145.png\" alt=\"\" class=\"wp-image-33505\" srcset=\"https:\/\/radiostudiow.com.br\/site\/wp-content\/uploads\/2025\/01\/image-145.png 720w, https:\/\/radiostudiow.com.br\/site\/wp-content\/uploads\/2025\/01\/image-145-300x232.png 300w\" sizes=\"auto, (max-width: 720px) 100vw, 720px\" \/><\/figure>\n\n\n\n<p><\/p>\n\n\n\n<figure class=\"wp-block-image size-full\"><img decoding=\"async\" src=\"https:\/\/radiostudiow.com.br\/site\/wp-content\/uploads\/2025\/01\/image-146.png\" alt=\"\" class=\"wp-image-33506\"\/><\/figure>\n\n\n\n<p><\/p>\n\n\n\n<p>Fotos e informa\u00e7\u00f5es: VVale \/ Canal 4 TV<\/p>\n\n\n\n<figure class=\"wp-block-gallery has-nested-images columns-default is-cropped wp-block-gallery-1 is-layout-flex wp-block-gallery-is-layout-flex\">\n<figure class=\"wp-block-image size-large\"><img loading=\"lazy\" decoding=\"async\" width=\"300\" height=\"180\" data-id=\"32894\" src=\"https:\/\/radiostudiow.com.br\/site\/wp-content\/uploads\/2025\/01\/SITE-PEQUENO2.png\" alt=\"\" class=\"wp-image-32894\"\/><\/figure>\n\n\n\n<figure class=\"wp-block-image size-large\"><img loading=\"lazy\" decoding=\"async\" width=\"300\" height=\"180\" data-id=\"32851\" src=\"https:\/\/radiostudiow.com.br\/site\/wp-content\/uploads\/2025\/01\/SITE-PEQUENO3.png\" alt=\"\" class=\"wp-image-32851\"\/><\/figure>\n\n\n\n<figure class=\"wp-block-image size-large\"><img loading=\"lazy\" decoding=\"async\" width=\"300\" height=\"180\" data-id=\"32833\" src=\"https:\/\/radiostudiow.com.br\/site\/wp-content\/uploads\/2025\/01\/SITE-PEQUENO.png\" alt=\"\" class=\"wp-image-32833\"\/><\/figure>\n<\/figure>\n\n\n\n<p><\/p>\n","protected":false},"excerpt":{"rendered":"<p>Na quinta-feira, 30 de janeiro, um caminh\u00e3o VW\/24.250 de cor vermelha, com placas de Indaial\/SC, perdeu o controle, saiu da pista e caiu em uma ribanceira de aproximadamente 10 metros de altura na BR-153, em General Carneiro. O acidente aconteceu na altura do quil\u00f4metro 509, na localidade conhecida como Fita Velha. A ocorr\u00eancia foi atendida [&hellip;]<\/p>\n","protected":false},"author":2,"featured_media":33505,"comment_status":"open","ping_status":"open","sticky":false,"template":"","format":"standard","meta":{"footnotes":""},"categories":[185],"tags":[172],"class_list":["post-33504","post","type-post","status-publish","format-standard","has-post-thumbnail","hentry","category-regional","tag-featured"],"amp_enabled":true,"_links":{"self":[{"href":"https:\/\/radiostudiow.com.br\/site\/wp-json\/wp\/v2\/posts\/33504","targetHints":{"allow":["GET"]}}],"collection":[{"href":"https:\/\/radiostudiow.com.br\/site\/wp-json\/wp\/v2\/posts"}],"about":[{"href":"https:\/\/radiostudiow.com.br\/site\/wp-json\/wp\/v2\/types\/post"}],"author":[{"embeddable":true,"href":"https:\/\/radiostudiow.com.br\/site\/wp-json\/wp\/v2\/users\/2"}],"replies":[{"embeddable":true,"href":"https:\/\/radiostudiow.com.br\/site\/wp-json\/wp\/v2\/comments?post=33504"}],"version-history":[{"count":1,"href":"https:\/\/radiostudiow.com.br\/site\/wp-json\/wp\/v2\/posts\/33504\/revisions"}],"predecessor-version":[{"id":33507,"href":"https:\/\/radiostudiow.com.br\/site\/wp-json\/wp\/v2\/posts\/33504\/revisions\/33507"}],"wp:featuredmedia":[{"embeddable":true,"href":"https:\/\/radiostudiow.com.br\/site\/wp-json\/wp\/v2\/media\/33505"}],"wp:attachment":[{"href":"https:\/\/radiostudiow.com.br\/site\/wp-json\/wp\/v2\/media?parent=33504"}],"wp:term":[{"taxonomy":"category","embeddable":true,"href":"https:\/\/radiostudiow.com.br\/site\/wp-json\/wp\/v2\/categories?post=33504"},{"taxonomy":"post_tag","embeddable":true,"href":"https:\/\/radiostudiow.com.br\/site\/wp-json\/wp\/v2\/tags?post=33504"}],"curies":[{"name":"wp","href":"https:\/\/api.w.org\/{rel}","templated":true}]}}