{"id":33513,"date":"2025-01-31T14:41:28","date_gmt":"2025-01-31T17:41:28","guid":{"rendered":"https:\/\/radiostudiow.com.br\/site\/?p=33513"},"modified":"2025-01-31T14:53:23","modified_gmt":"2025-01-31T17:53:23","slug":"motorista-de-caminhao-e-sequestrado-e-tem-veiculo-roubado-em-general-carneiro-2","status":"publish","type":"post","link":"https:\/\/radiostudiow.com.br\/site\/2025\/01\/31\/motorista-de-caminhao-e-sequestrado-e-tem-veiculo-roubado-em-general-carneiro-2\/","title":{"rendered":"Motorista de caminh\u00e3o \u00e9 sequestrado e tem ve\u00edculo roubado em General Carneiro"},"content":{"rendered":"\n<figure class=\"wp-block-image size-full\"><img loading=\"lazy\" decoding=\"async\" width=\"900\" height=\"205\" src=\"https:\/\/radiostudiow.com.br\/site\/wp-content\/uploads\/2024\/03\/bannertijolao-e1733625657395.jpg\" alt=\"\" class=\"wp-image-20494\" srcset=\"https:\/\/radiostudiow.com.br\/site\/wp-content\/uploads\/2024\/03\/bannertijolao-e1733625657395.jpg 900w, https:\/\/radiostudiow.com.br\/site\/wp-content\/uploads\/2024\/03\/bannertijolao-e1733625657395-300x68.jpg 300w, https:\/\/radiostudiow.com.br\/site\/wp-content\/uploads\/2024\/03\/bannertijolao-e1733625657395-768x175.jpg 768w\" sizes=\"auto, (max-width: 900px) 100vw, 900px\" \/><\/figure>\n\n\n\n<figure class=\"wp-block-image size-full\"><img loading=\"lazy\" decoding=\"async\" width=\"897\" height=\"204\" src=\"https:\/\/radiostudiow.com.br\/site\/wp-content\/uploads\/2024\/08\/TIJOLAO.png\" alt=\"\" class=\"wp-image-25951\" srcset=\"https:\/\/radiostudiow.com.br\/site\/wp-content\/uploads\/2024\/08\/TIJOLAO.png 897w, https:\/\/radiostudiow.com.br\/site\/wp-content\/uploads\/2024\/08\/TIJOLAO-300x68.png 300w, https:\/\/radiostudiow.com.br\/site\/wp-content\/uploads\/2024\/08\/TIJOLAO-768x175.png 768w\" sizes=\"auto, (max-width: 897px) 100vw, 897px\" \/><\/figure>\n\n\n\n<p><\/p>\n\n\n\n<p style=\"font-size:21px\">Na madrugada desta quinta-feira (30), um caminhoneiro viveu momentos de terror ao ser abordado por criminosos enquanto dormia em seu caminh\u00e3o em General Carneiro<\/p>\n\n\n\n<p style=\"font-size:21px\"> Segundo informa\u00e7\u00f5es do Boletim de Ocorr\u00eancia, quatro homens armados realizaram o assalto e levaram o ve\u00edculo da v\u00edtima.<\/p>\n\n\n\n<p style=\"font-size:21px\">De acordo com o boletim de ocorr\u00eancia, ap\u00f3s ser rendido, o caminhoneiro foi levado pelos assaltantes at\u00e9 uma regi\u00e3o de mata, onde foi abandonado.<\/p>\n\n\n\n<p style=\"font-size:21px\">Sem op\u00e7\u00e3o, ele caminhou at\u00e9 o pelot\u00e3o da Pol\u00edcia Militar para relatar o crime e buscar ajuda.<\/p>\n\n\n\n<p style=\"font-size:21px\">A equipe policial realizou buscas na tentativa de localizar o caminh\u00e3o, por\u00e9m, at\u00e9 o momento, n\u00e3o houve \u00eaxito na recupera\u00e7\u00e3o do ve\u00edculo.<\/p>\n\n\n\n<p style=\"font-size:21px\">A v\u00edtima foi orientada sobre os procedimentos legais a serem tomados.<\/p>\n\n\n\n<p><\/p>\n\n\n\n<figure class=\"wp-block-gallery has-nested-images columns-default is-cropped wp-block-gallery-1 is-layout-flex wp-block-gallery-is-layout-flex\">\n<figure class=\"wp-block-image size-large\"><img loading=\"lazy\" decoding=\"async\" width=\"598\" height=\"204\" data-id=\"32844\" src=\"https:\/\/radiostudiow.com.br\/site\/wp-content\/uploads\/2025\/01\/SITE-MEDIO2.png\" alt=\"\" class=\"wp-image-32844\" srcset=\"https:\/\/radiostudiow.com.br\/site\/wp-content\/uploads\/2025\/01\/SITE-MEDIO2.png 598w, https:\/\/radiostudiow.com.br\/site\/wp-content\/uploads\/2025\/01\/SITE-MEDIO2-300x102.png 300w\" sizes=\"auto, (max-width: 598px) 100vw, 598px\" \/><\/figure>\n\n\n\n<figure class=\"wp-block-image size-large\"><img loading=\"lazy\" decoding=\"async\" width=\"598\" height=\"204\" data-id=\"32810\" src=\"https:\/\/radiostudiow.com.br\/site\/wp-content\/uploads\/2025\/01\/SITE-MEDIO.png\" alt=\"\" class=\"wp-image-32810\" srcset=\"https:\/\/radiostudiow.com.br\/site\/wp-content\/uploads\/2025\/01\/SITE-MEDIO.png 598w, https:\/\/radiostudiow.com.br\/site\/wp-content\/uploads\/2025\/01\/SITE-MEDIO-300x102.png 300w\" sizes=\"auto, (max-width: 598px) 100vw, 598px\" \/><\/figure>\n<\/figure>\n","protected":false},"excerpt":{"rendered":"<p>Na madrugada desta quinta-feira (30), um caminhoneiro viveu momentos de terror ao ser abordado por criminosos enquanto dormia em seu caminh\u00e3o em General Carneiro Segundo informa\u00e7\u00f5es do Boletim de Ocorr\u00eancia, quatro homens armados realizaram o assalto e levaram o ve\u00edculo da v\u00edtima. De acordo com o boletim de ocorr\u00eancia, ap\u00f3s ser rendido, o caminhoneiro foi [&hellip;]<\/p>\n","protected":false},"author":2,"featured_media":17774,"comment_status":"open","ping_status":"open","sticky":false,"template":"","format":"standard","meta":{"footnotes":""},"categories":[2,185],"tags":[172],"class_list":["post-33513","post","type-post","status-publish","format-standard","has-post-thumbnail","hentry","category-policial","category-regional","tag-featured"],"amp_enabled":true,"_links":{"self":[{"href":"https:\/\/radiostudiow.com.br\/site\/wp-json\/wp\/v2\/posts\/33513","targetHints":{"allow":["GET"]}}],"collection":[{"href":"https:\/\/radiostudiow.com.br\/site\/wp-json\/wp\/v2\/posts"}],"about":[{"href":"https:\/\/radiostudiow.com.br\/site\/wp-json\/wp\/v2\/types\/post"}],"author":[{"embeddable":true,"href":"https:\/\/radiostudiow.com.br\/site\/wp-json\/wp\/v2\/users\/2"}],"replies":[{"embeddable":true,"href":"https:\/\/radiostudiow.com.br\/site\/wp-json\/wp\/v2\/comments?post=33513"}],"version-history":[{"count":1,"href":"https:\/\/radiostudiow.com.br\/site\/wp-json\/wp\/v2\/posts\/33513\/revisions"}],"predecessor-version":[{"id":33523,"href":"https:\/\/radiostudiow.com.br\/site\/wp-json\/wp\/v2\/posts\/33513\/revisions\/33523"}],"wp:featuredmedia":[{"embeddable":true,"href":"https:\/\/radiostudiow.com.br\/site\/wp-json\/wp\/v2\/media\/17774"}],"wp:attachment":[{"href":"https:\/\/radiostudiow.com.br\/site\/wp-json\/wp\/v2\/media?parent=33513"}],"wp:term":[{"taxonomy":"category","embeddable":true,"href":"https:\/\/radiostudiow.com.br\/site\/wp-json\/wp\/v2\/categories?post=33513"},{"taxonomy":"post_tag","embeddable":true,"href":"https:\/\/radiostudiow.com.br\/site\/wp-json\/wp\/v2\/tags?post=33513"}],"curies":[{"name":"wp","href":"https:\/\/api.w.org\/{rel}","templated":true}]}}