{"id":33514,"date":"2025-01-31T14:29:23","date_gmt":"2025-01-31T17:29:23","guid":{"rendered":"https:\/\/radiostudiow.com.br\/site\/?p=33514"},"modified":"2025-01-31T14:53:23","modified_gmt":"2025-01-31T17:53:23","slug":"homem-e-preso-apos-importunar-sexualmente-e-ameacar-mulher-em-rio-azul","status":"publish","type":"post","link":"https:\/\/radiostudiow.com.br\/site\/2025\/01\/31\/homem-e-preso-apos-importunar-sexualmente-e-ameacar-mulher-em-rio-azul\/","title":{"rendered":"Homem \u00e9 preso ap\u00f3s importunar sexualmente e amea\u00e7ar mulher em Rio Azul"},"content":{"rendered":"\n<p><\/p>\n\n\n\n<figure class=\"wp-block-image size-full\"><img loading=\"lazy\" decoding=\"async\" width=\"897\" height=\"204\" src=\"https:\/\/radiostudiow.com.br\/site\/wp-content\/uploads\/2025\/01\/SITE-GRANDE3.png\" alt=\"\" class=\"wp-image-32900\" srcset=\"https:\/\/radiostudiow.com.br\/site\/wp-content\/uploads\/2025\/01\/SITE-GRANDE3.png 897w, https:\/\/radiostudiow.com.br\/site\/wp-content\/uploads\/2025\/01\/SITE-GRANDE3-300x68.png 300w, https:\/\/radiostudiow.com.br\/site\/wp-content\/uploads\/2025\/01\/SITE-GRANDE3-768x175.png 768w\" sizes=\"auto, (max-width: 897px) 100vw, 897px\" \/><\/figure>\n\n\n\n<p><\/p>\n\n\n\n<p style=\"font-size:21px\">Na noite de quinta-feira, dia 30 de janeiro, a pol\u00edcia de Rio Azul prendeu um homem que havia importunado e amea\u00e7ado uma senhora em sua resid\u00eancia.<\/p>\n\n\n\n<p style=\"font-size:21px\">Segundo o Boletim de Ocorr\u00eancia, a v\u00edtima relatou que, por volta das 23h00min, o homem entrou no p\u00e1tio de sua casa sem permiss\u00e3o e come\u00e7ou a fazer perguntas sobre sua intimidade e a cham\u00e1-la de &#8220;linda&#8221; e &#8220;bonita&#8221;. Apesar de pedir que ele se retirasse, o homem permaneceu no local por cerca de 30 minutos e s\u00f3 se retirou ap\u00f3s a v\u00edtima amea\u00e7ar ligar para a pol\u00edcia.<\/p>\n\n\n\n<p style=\"font-size:21px\">No entanto, o homem retornou ao quintal da casa e bateu na janela do quarto da v\u00edtima, pedindo que ela &#8220;ficasse&#8221; com ele. A v\u00edtima relatou que o homem tamb\u00e9m amea\u00e7ou seu irm\u00e3o, dizendo que &#8220;conhece gente perigosa&#8221; e que &#8220;para fazer algo com algu\u00e9m, n\u00e3o custa nada&#8221;.<\/p>\n\n\n\n<p style=\"font-size:21px\">A pol\u00edcia foi acionada e encontrou o homem nas proximidades de sua resid\u00eancia. Ele negou os fatos, mas foi preso ap\u00f3s resistir \u00e0 pris\u00e3o e necessitar do uso de for\u00e7a coercitiva para ser contido e algemado.<\/p>\n\n\n\n<p style=\"font-size:21px\">A v\u00edtima e o autor dos fatos foram encaminhados ao hospital para realiza\u00e7\u00e3o de laudo de les\u00f5es corporais e, posteriormente, foram conduzidos \u00e0 41\u00aa delegacia de Pol\u00edcia Civil de Irati para os procedimentos cab\u00edveis.<\/p>\n\n\n\n<p>Informa\u00e7\u00f5es: Alvorada FM<\/p>\n\n\n\n<p><\/p>\n\n\n\n<figure class=\"wp-block-gallery has-nested-images columns-default is-cropped wp-block-gallery-1 is-layout-flex wp-block-gallery-is-layout-flex\">\n<figure class=\"wp-block-image size-large\"><img loading=\"lazy\" decoding=\"async\" width=\"300\" height=\"180\" data-id=\"32894\" src=\"https:\/\/radiostudiow.com.br\/site\/wp-content\/uploads\/2025\/01\/SITE-PEQUENO2.png\" alt=\"\" class=\"wp-image-32894\"\/><\/figure>\n\n\n\n<figure class=\"wp-block-image size-large\"><img loading=\"lazy\" decoding=\"async\" width=\"300\" height=\"180\" data-id=\"32851\" src=\"https:\/\/radiostudiow.com.br\/site\/wp-content\/uploads\/2025\/01\/SITE-PEQUENO3.png\" alt=\"\" class=\"wp-image-32851\"\/><\/figure>\n\n\n\n<figure class=\"wp-block-image size-large\"><img loading=\"lazy\" decoding=\"async\" width=\"300\" height=\"180\" data-id=\"32833\" src=\"https:\/\/radiostudiow.com.br\/site\/wp-content\/uploads\/2025\/01\/SITE-PEQUENO.png\" alt=\"\" class=\"wp-image-32833\"\/><\/figure>\n<\/figure>\n","protected":false},"excerpt":{"rendered":"<p>Na noite de quinta-feira, dia 30 de janeiro, a pol\u00edcia de Rio Azul prendeu um homem que havia importunado e amea\u00e7ado uma senhora em sua resid\u00eancia. Segundo o Boletim de Ocorr\u00eancia, a v\u00edtima relatou que, por volta das 23h00min, o homem entrou no p\u00e1tio de sua casa sem permiss\u00e3o e come\u00e7ou a fazer perguntas sobre [&hellip;]<\/p>\n","protected":false},"author":2,"featured_media":19871,"comment_status":"open","ping_status":"open","sticky":false,"template":"","format":"standard","meta":{"footnotes":""},"categories":[2,185],"tags":[172],"class_list":["post-33514","post","type-post","status-publish","format-standard","has-post-thumbnail","hentry","category-policial","category-regional","tag-featured"],"amp_enabled":true,"_links":{"self":[{"href":"https:\/\/radiostudiow.com.br\/site\/wp-json\/wp\/v2\/posts\/33514","targetHints":{"allow":["GET"]}}],"collection":[{"href":"https:\/\/radiostudiow.com.br\/site\/wp-json\/wp\/v2\/posts"}],"about":[{"href":"https:\/\/radiostudiow.com.br\/site\/wp-json\/wp\/v2\/types\/post"}],"author":[{"embeddable":true,"href":"https:\/\/radiostudiow.com.br\/site\/wp-json\/wp\/v2\/users\/2"}],"replies":[{"embeddable":true,"href":"https:\/\/radiostudiow.com.br\/site\/wp-json\/wp\/v2\/comments?post=33514"}],"version-history":[{"count":1,"href":"https:\/\/radiostudiow.com.br\/site\/wp-json\/wp\/v2\/posts\/33514\/revisions"}],"predecessor-version":[{"id":33522,"href":"https:\/\/radiostudiow.com.br\/site\/wp-json\/wp\/v2\/posts\/33514\/revisions\/33522"}],"wp:featuredmedia":[{"embeddable":true,"href":"https:\/\/radiostudiow.com.br\/site\/wp-json\/wp\/v2\/media\/19871"}],"wp:attachment":[{"href":"https:\/\/radiostudiow.com.br\/site\/wp-json\/wp\/v2\/media?parent=33514"}],"wp:term":[{"taxonomy":"category","embeddable":true,"href":"https:\/\/radiostudiow.com.br\/site\/wp-json\/wp\/v2\/categories?post=33514"},{"taxonomy":"post_tag","embeddable":true,"href":"https:\/\/radiostudiow.com.br\/site\/wp-json\/wp\/v2\/tags?post=33514"}],"curies":[{"name":"wp","href":"https:\/\/api.w.org\/{rel}","templated":true}]}}