{"id":33515,"date":"2025-01-31T14:06:42","date_gmt":"2025-01-31T17:06:42","guid":{"rendered":"https:\/\/radiostudiow.com.br\/site\/?p=33515"},"modified":"2025-01-31T14:53:23","modified_gmt":"2025-01-31T17:53:23","slug":"aumento-anunciado-no-reajuste-no-icms-faz-zerar-estoque-de-combustiveis-em-alguns-posto-na-regiao","status":"publish","type":"post","link":"https:\/\/radiostudiow.com.br\/site\/2025\/01\/31\/aumento-anunciado-no-reajuste-no-icms-faz-zerar-estoque-de-combustiveis-em-alguns-posto-na-regiao\/","title":{"rendered":"Aumento anunciado no reajuste no ICMS faz zerar estoque de combust\u00edveis em postos na regi\u00e3o."},"content":{"rendered":"\n<figure class=\"wp-block-image size-full\"><img loading=\"lazy\" decoding=\"async\" width=\"897\" height=\"204\" src=\"https:\/\/radiostudiow.com.br\/site\/wp-content\/uploads\/2024\/01\/SITE-GRANDE3.png\" alt=\"zaions\" class=\"wp-image-18936\" srcset=\"https:\/\/radiostudiow.com.br\/site\/wp-content\/uploads\/2024\/01\/SITE-GRANDE3.png 897w, https:\/\/radiostudiow.com.br\/site\/wp-content\/uploads\/2024\/01\/SITE-GRANDE3-300x68.png 300w, https:\/\/radiostudiow.com.br\/site\/wp-content\/uploads\/2024\/01\/SITE-GRANDE3-768x175.png 768w\" sizes=\"auto, (max-width: 897px) 100vw, 897px\" \/><\/figure>\n\n\n\n<p><\/p>\n\n\n\n<p style=\"font-size:21px\">O an\u00fancio do aumento do Imposto sobre Circula\u00e7\u00e3o de Mercadorias e Servi\u00e7os (ICMS) sobre os combust\u00edveis levou motoristas de Mallet a correrem para os postos de abastecimento nestes \u00faltimos dias.<\/p>\n\n\n\n<p style=\"font-size:21px\">A movimenta\u00e7\u00e3o intensa foi impulsionada por informa\u00e7\u00f5es de que o reajuste poderia ser ainda maior do que o inicialmente previsto.<\/p>\n\n\n\n<p style=\"font-size:21px\">Com a alta demanda, alguns postos enfrentaram dificuldades no fornecimento.<\/p>\n\n\n\n<p style=\"font-size:21px\">O Auto Posto Zaions, um dos estabelecimentos afetados, teve seu estoque esgotado. O propriet\u00e1rio, Gustavo Zaions, afirmou que a situa\u00e7\u00e3o deve se normalizar at\u00e9 o final da tarde. \u201cTivemos falta de gasolina e diesel, mas at\u00e9 o fim do dia estaremos reabastecidos e ainda para hoje dia 31 de janeiro com o pre\u00e7o antigo dispon\u00edvel para nossos clientes\u201d, declarou em entrevista \u00e0 Studio W.<\/p>\n\n\n\n<p style=\"font-size:21px\">A partir deste s\u00e1bado (1\u00ba), entra em vigor o novo reajuste do ICMS, aprovado pelo Conselho Nacional de Pol\u00edtica Fazend\u00e1ria (Confaz) no final de 2024. Com a mudan\u00e7a, a al\u00edquota cobrada sobre os combust\u00edveis ser\u00e1 elevada em R$ 0,10 por litro para gasolina e etanol, e R$ 0,06 para diesel e biodiesel.<\/p>\n\n\n\n<p style=\"font-size:21px\">A eleva\u00e7\u00e3o do tributo tem gerado preocupa\u00e7\u00e3o no pre\u00e7o final dos combust\u00edveis, pois consequentemente, o custo de vida da popula\u00e7\u00e3o sempre aumenta tamb\u00e9m em todos os setores.<\/p>\n\n\n\n<p><\/p>\n\n\n\n<figure class=\"wp-block-gallery has-nested-images columns-default is-cropped wp-block-gallery-1 is-layout-flex wp-block-gallery-is-layout-flex\">\n<figure class=\"wp-block-image size-large\"><img loading=\"lazy\" decoding=\"async\" width=\"598\" height=\"204\" data-id=\"17598\" src=\"https:\/\/radiostudiow.com.br\/site\/wp-content\/uploads\/2023\/12\/SITE-MEDIO4.png\" alt=\"\" class=\"wp-image-17598\" srcset=\"https:\/\/radiostudiow.com.br\/site\/wp-content\/uploads\/2023\/12\/SITE-MEDIO4.png 598w, https:\/\/radiostudiow.com.br\/site\/wp-content\/uploads\/2023\/12\/SITE-MEDIO4-300x102.png 300w\" sizes=\"auto, (max-width: 598px) 100vw, 598px\" \/><\/figure>\n\n\n\n<figure class=\"wp-block-image size-large\"><img loading=\"lazy\" decoding=\"async\" width=\"598\" height=\"204\" data-id=\"32801\" src=\"https:\/\/radiostudiow.com.br\/site\/wp-content\/uploads\/2025\/01\/SITE-MEDIO7.png\" alt=\"\" class=\"wp-image-32801\" srcset=\"https:\/\/radiostudiow.com.br\/site\/wp-content\/uploads\/2025\/01\/SITE-MEDIO7.png 598w, https:\/\/radiostudiow.com.br\/site\/wp-content\/uploads\/2025\/01\/SITE-MEDIO7-300x102.png 300w\" sizes=\"auto, (max-width: 598px) 100vw, 598px\" \/><\/figure>\n<\/figure>\n","protected":false},"excerpt":{"rendered":"<p>O an\u00fancio do aumento do Imposto sobre Circula\u00e7\u00e3o de Mercadorias e Servi\u00e7os (ICMS) sobre os combust\u00edveis levou motoristas de Mallet a correrem para os postos de abastecimento nestes \u00faltimos dias. A movimenta\u00e7\u00e3o intensa foi impulsionada por informa\u00e7\u00f5es de que o reajuste poderia ser ainda maior do que o inicialmente previsto. Com a alta demanda, alguns [&hellip;]<\/p>\n","protected":false},"author":2,"featured_media":33517,"comment_status":"open","ping_status":"open","sticky":false,"template":"","format":"standard","meta":{"footnotes":""},"categories":[7],"tags":[],"class_list":["post-33515","post","type-post","status-publish","format-standard","has-post-thumbnail","hentry","category-geral"],"amp_enabled":true,"_links":{"self":[{"href":"https:\/\/radiostudiow.com.br\/site\/wp-json\/wp\/v2\/posts\/33515","targetHints":{"allow":["GET"]}}],"collection":[{"href":"https:\/\/radiostudiow.com.br\/site\/wp-json\/wp\/v2\/posts"}],"about":[{"href":"https:\/\/radiostudiow.com.br\/site\/wp-json\/wp\/v2\/types\/post"}],"author":[{"embeddable":true,"href":"https:\/\/radiostudiow.com.br\/site\/wp-json\/wp\/v2\/users\/2"}],"replies":[{"embeddable":true,"href":"https:\/\/radiostudiow.com.br\/site\/wp-json\/wp\/v2\/comments?post=33515"}],"version-history":[{"count":4,"href":"https:\/\/radiostudiow.com.br\/site\/wp-json\/wp\/v2\/posts\/33515\/revisions"}],"predecessor-version":[{"id":33521,"href":"https:\/\/radiostudiow.com.br\/site\/wp-json\/wp\/v2\/posts\/33515\/revisions\/33521"}],"wp:featuredmedia":[{"embeddable":true,"href":"https:\/\/radiostudiow.com.br\/site\/wp-json\/wp\/v2\/media\/33517"}],"wp:attachment":[{"href":"https:\/\/radiostudiow.com.br\/site\/wp-json\/wp\/v2\/media?parent=33515"}],"wp:term":[{"taxonomy":"category","embeddable":true,"href":"https:\/\/radiostudiow.com.br\/site\/wp-json\/wp\/v2\/categories?post=33515"},{"taxonomy":"post_tag","embeddable":true,"href":"https:\/\/radiostudiow.com.br\/site\/wp-json\/wp\/v2\/tags?post=33515"}],"curies":[{"name":"wp","href":"https:\/\/api.w.org\/{rel}","templated":true}]}}