{"id":33516,"date":"2025-01-31T17:28:26","date_gmt":"2025-01-31T20:28:26","guid":{"rendered":"https:\/\/radiostudiow.com.br\/site\/?p=33516"},"modified":"2025-01-31T18:19:04","modified_gmt":"2025-01-31T21:19:04","slug":"policia-apreende-armas-apos-denuncia-de-ameaca-em-uniao-da-vitoria","status":"publish","type":"post","link":"https:\/\/radiostudiow.com.br\/site\/2025\/01\/31\/policia-apreende-armas-apos-denuncia-de-ameaca-em-uniao-da-vitoria\/","title":{"rendered":"Pol\u00edcia apreende armas ap\u00f3s den\u00fancia de amea\u00e7a em Uni\u00e3o da Vit\u00f3ria"},"content":{"rendered":"\n<figure class=\"wp-block-image size-full\"><img decoding=\"async\" src=\"https:\/\/radiostudiow.com.br\/site\/wp-content\/uploads\/2024\/01\/SITE-GRANDE.png\" alt=\"\" class=\"wp-image-18949\"\/><\/figure>\n\n\n\n<p><\/p>\n\n\n\n<p style=\"font-size:21px\">Na noite desta quinta-feira (30), por volta das 19h41, a Pol\u00edcia Militar foi acionada para atender a uma ocorr\u00eancia de amea\u00e7a no bairro S\u00e3o Sebasti\u00e3o, em Uni\u00e3o da Vit\u00f3ria.<\/p>\n\n\n\n<p style=\"font-size:21px\">De acordo com a den\u00fancia, a v\u00edtima relatou estar sendo amea\u00e7ada por seu ex-convivente, que supostamente possu\u00eda armas em sua resid\u00eancia. Diante da gravidade da situa\u00e7\u00e3o, uma equipe policial se deslocou at\u00e9 o endere\u00e7o informado para averigua\u00e7\u00e3o.<\/p>\n\n\n\n<p style=\"font-size:21px\">No local, os agentes localizaram e apreenderam um arsenal composto por uma pistola, tr\u00eas carabinas e diversas muni\u00e7\u00f5es. O material foi imediatamente recolhido e encaminhado \u00e0 4\u00aa Subdivis\u00e3o Policial para as provid\u00eancias cab\u00edveis.<\/p>\n\n\n\n<p style=\"font-size:21px\">O suspeito, no entanto, n\u00e3o foi encontrado na resid\u00eancia, uma vez que, segundo informa\u00e7\u00f5es repassadas pela v\u00edtima, ele j\u00e1 n\u00e3o morava mais no im\u00f3vel. As autoridades agora trabalham para localiz\u00e1-lo e esclarecer os fatos.<\/p>\n\n\n\n<p><\/p>\n\n\n\n<figure class=\"wp-block-gallery has-nested-images columns-default is-cropped wp-block-gallery-1 is-layout-flex wp-block-gallery-is-layout-flex\">\n<figure class=\"wp-block-image size-large\"><img loading=\"lazy\" decoding=\"async\" width=\"598\" height=\"204\" data-id=\"32815\" src=\"https:\/\/radiostudiow.com.br\/site\/wp-content\/uploads\/2025\/01\/SITE-MEDIO3.png\" alt=\"\" class=\"wp-image-32815\" srcset=\"https:\/\/radiostudiow.com.br\/site\/wp-content\/uploads\/2025\/01\/SITE-MEDIO3.png 598w, https:\/\/radiostudiow.com.br\/site\/wp-content\/uploads\/2025\/01\/SITE-MEDIO3-300x102.png 300w\" sizes=\"auto, (max-width: 598px) 100vw, 598px\" \/><\/figure>\n\n\n\n<figure class=\"wp-block-image size-large\"><img loading=\"lazy\" decoding=\"async\" width=\"598\" height=\"204\" data-id=\"32810\" src=\"https:\/\/radiostudiow.com.br\/site\/wp-content\/uploads\/2025\/01\/SITE-MEDIO.png\" alt=\"\" class=\"wp-image-32810\" srcset=\"https:\/\/radiostudiow.com.br\/site\/wp-content\/uploads\/2025\/01\/SITE-MEDIO.png 598w, https:\/\/radiostudiow.com.br\/site\/wp-content\/uploads\/2025\/01\/SITE-MEDIO-300x102.png 300w\" sizes=\"auto, (max-width: 598px) 100vw, 598px\" \/><\/figure>\n<\/figure>\n","protected":false},"excerpt":{"rendered":"<p>Na noite desta quinta-feira (30), por volta das 19h41, a Pol\u00edcia Militar foi acionada para atender a uma ocorr\u00eancia de amea\u00e7a no bairro S\u00e3o Sebasti\u00e3o, em Uni\u00e3o da Vit\u00f3ria. De acordo com a den\u00fancia, a v\u00edtima relatou estar sendo amea\u00e7ada por seu ex-convivente, que supostamente possu\u00eda armas em sua resid\u00eancia. Diante da gravidade da situa\u00e7\u00e3o, [&hellip;]<\/p>\n","protected":false},"author":2,"featured_media":33509,"comment_status":"open","ping_status":"open","sticky":false,"template":"","format":"standard","meta":{"footnotes":""},"categories":[2,185],"tags":[172],"class_list":["post-33516","post","type-post","status-publish","format-standard","has-post-thumbnail","hentry","category-policial","category-regional","tag-featured"],"amp_enabled":true,"_links":{"self":[{"href":"https:\/\/radiostudiow.com.br\/site\/wp-json\/wp\/v2\/posts\/33516","targetHints":{"allow":["GET"]}}],"collection":[{"href":"https:\/\/radiostudiow.com.br\/site\/wp-json\/wp\/v2\/posts"}],"about":[{"href":"https:\/\/radiostudiow.com.br\/site\/wp-json\/wp\/v2\/types\/post"}],"author":[{"embeddable":true,"href":"https:\/\/radiostudiow.com.br\/site\/wp-json\/wp\/v2\/users\/2"}],"replies":[{"embeddable":true,"href":"https:\/\/radiostudiow.com.br\/site\/wp-json\/wp\/v2\/comments?post=33516"}],"version-history":[{"count":2,"href":"https:\/\/radiostudiow.com.br\/site\/wp-json\/wp\/v2\/posts\/33516\/revisions"}],"predecessor-version":[{"id":33577,"href":"https:\/\/radiostudiow.com.br\/site\/wp-json\/wp\/v2\/posts\/33516\/revisions\/33577"}],"wp:featuredmedia":[{"embeddable":true,"href":"https:\/\/radiostudiow.com.br\/site\/wp-json\/wp\/v2\/media\/33509"}],"wp:attachment":[{"href":"https:\/\/radiostudiow.com.br\/site\/wp-json\/wp\/v2\/media?parent=33516"}],"wp:term":[{"taxonomy":"category","embeddable":true,"href":"https:\/\/radiostudiow.com.br\/site\/wp-json\/wp\/v2\/categories?post=33516"},{"taxonomy":"post_tag","embeddable":true,"href":"https:\/\/radiostudiow.com.br\/site\/wp-json\/wp\/v2\/tags?post=33516"}],"curies":[{"name":"wp","href":"https:\/\/api.w.org\/{rel}","templated":true}]}}