{"id":33573,"date":"2025-01-31T16:28:31","date_gmt":"2025-01-31T19:28:31","guid":{"rendered":"https:\/\/radiostudiow.com.br\/site\/?p=33573"},"modified":"2025-01-31T16:28:32","modified_gmt":"2025-01-31T19:28:32","slug":"moto-e-onibus-se-envolvem-em-grave-acidente-no-centro-de-sao-mateus-do-sul","status":"publish","type":"post","link":"https:\/\/radiostudiow.com.br\/site\/2025\/01\/31\/moto-e-onibus-se-envolvem-em-grave-acidente-no-centro-de-sao-mateus-do-sul\/","title":{"rendered":"Moto e \u00f4nibus se envolvem em grave acidente no centro de S\u00e3o Mateus do Sul"},"content":{"rendered":"\n<figure class=\"wp-block-image size-full\"><img loading=\"lazy\" decoding=\"async\" width=\"900\" height=\"205\" src=\"https:\/\/radiostudiow.com.br\/site\/wp-content\/uploads\/2024\/03\/bannertijolao-e1733625657395.jpg\" alt=\"\" class=\"wp-image-20494\" srcset=\"https:\/\/radiostudiow.com.br\/site\/wp-content\/uploads\/2024\/03\/bannertijolao-e1733625657395.jpg 900w, https:\/\/radiostudiow.com.br\/site\/wp-content\/uploads\/2024\/03\/bannertijolao-e1733625657395-300x68.jpg 300w, https:\/\/radiostudiow.com.br\/site\/wp-content\/uploads\/2024\/03\/bannertijolao-e1733625657395-768x175.jpg 768w\" sizes=\"auto, (max-width: 900px) 100vw, 900px\" \/><\/figure>\n\n\n\n<figure class=\"wp-block-image size-full\"><img loading=\"lazy\" decoding=\"async\" width=\"897\" height=\"204\" src=\"https:\/\/radiostudiow.com.br\/site\/wp-content\/uploads\/2024\/08\/TIJOLAO.png\" alt=\"\" class=\"wp-image-25951\" srcset=\"https:\/\/radiostudiow.com.br\/site\/wp-content\/uploads\/2024\/08\/TIJOLAO.png 897w, https:\/\/radiostudiow.com.br\/site\/wp-content\/uploads\/2024\/08\/TIJOLAO-300x68.png 300w, https:\/\/radiostudiow.com.br\/site\/wp-content\/uploads\/2024\/08\/TIJOLAO-768x175.png 768w\" sizes=\"auto, (max-width: 897px) 100vw, 897px\" \/><\/figure>\n\n\n\n<p><\/p>\n\n\n\n<p style=\"font-size:21px\">Um acidente de tr\u00e2nsito foi registrado na noite de quinta-feira (30), no centro de S\u00e3o Mateus do Sul, na esquina da Rua Dona Estef\u00e2nia com a Rua Jo\u00e3o Gabriel Martins. A colis\u00e3o envolveu um motociclista de 22 anos, que teve ferimentos graves e um \u00f4nibus.<\/p>\n\n\n\n<p style=\"font-size:21px\">De acordo com as informa\u00e7\u00f5es preliminares, o jovem, identificado como J.V.F., pilotava uma motocicleta Honda CG 125 Fan KS, de cor preta, quando colidiu com um \u00f4nibus modelo VW-Mpolo Senior R, de cor branca. As imagens do impacto da colis\u00e3o impressionam.<\/p>\n\n\n\n<p style=\"font-size:21px\">Equipes do Corpo de Bombeiros foram acionadas para atender a ocorr\u00eancia e encaminharam a v\u00edtima ao hospital local para atendimento m\u00e9dico. O motorista do \u00f4nibus n\u00e3o ficou ferido. As causas do acidente ainda est\u00e1 sendo investigada pelas autoridades competentes.<\/p>\n\n\n\n<p style=\"font-size:21px\">O portal P97 divulgou um v\u00eddeo de uma c\u00e2mera de seguran\u00e7a que mostra o momento exato da colis\u00e3o.<\/p>\n\n\n\n<figure class=\"wp-block-video\"><video controls src=\"https:\/\/radiostudiow.com.br\/site\/wp-content\/uploads\/2025\/01\/WhatsApp-Video-2025-01-31-at-09.13.52.mp4\"><\/video><\/figure>\n\n\n\n<p><\/p>\n\n\n\n<p>Informa\u00e7\u00f5es: Portal P97<\/p>\n\n\n\n<p><\/p>\n\n\n\n<figure class=\"wp-block-gallery has-nested-images columns-default is-cropped wp-block-gallery-1 is-layout-flex wp-block-gallery-is-layout-flex\">\n<figure class=\"wp-block-image size-large\"><img loading=\"lazy\" decoding=\"async\" width=\"598\" height=\"204\" data-id=\"32815\" src=\"https:\/\/radiostudiow.com.br\/site\/wp-content\/uploads\/2025\/01\/SITE-MEDIO3.png\" alt=\"\" class=\"wp-image-32815\" srcset=\"https:\/\/radiostudiow.com.br\/site\/wp-content\/uploads\/2025\/01\/SITE-MEDIO3.png 598w, https:\/\/radiostudiow.com.br\/site\/wp-content\/uploads\/2025\/01\/SITE-MEDIO3-300x102.png 300w\" sizes=\"auto, (max-width: 598px) 100vw, 598px\" \/><\/figure>\n\n\n\n<figure class=\"wp-block-image size-large\"><img loading=\"lazy\" decoding=\"async\" width=\"598\" height=\"204\" data-id=\"32801\" src=\"https:\/\/radiostudiow.com.br\/site\/wp-content\/uploads\/2025\/01\/SITE-MEDIO7.png\" alt=\"\" class=\"wp-image-32801\" srcset=\"https:\/\/radiostudiow.com.br\/site\/wp-content\/uploads\/2025\/01\/SITE-MEDIO7.png 598w, https:\/\/radiostudiow.com.br\/site\/wp-content\/uploads\/2025\/01\/SITE-MEDIO7-300x102.png 300w\" sizes=\"auto, (max-width: 598px) 100vw, 598px\" \/><\/figure>\n<\/figure>\n","protected":false},"excerpt":{"rendered":"<p>Um acidente de tr\u00e2nsito foi registrado na noite de quinta-feira (30), no centro de S\u00e3o Mateus do Sul, na esquina da Rua Dona Estef\u00e2nia com a Rua Jo\u00e3o Gabriel Martins. A colis\u00e3o envolveu um motociclista de 22 anos, que teve ferimentos graves e um \u00f4nibus. De acordo com as informa\u00e7\u00f5es preliminares, o jovem, identificado como [&hellip;]<\/p>\n","protected":false},"author":2,"featured_media":33575,"comment_status":"open","ping_status":"open","sticky":false,"template":"","format":"standard","meta":{"footnotes":""},"categories":[185],"tags":[172],"class_list":["post-33573","post","type-post","status-publish","format-standard","has-post-thumbnail","hentry","category-regional","tag-featured"],"amp_enabled":true,"_links":{"self":[{"href":"https:\/\/radiostudiow.com.br\/site\/wp-json\/wp\/v2\/posts\/33573","targetHints":{"allow":["GET"]}}],"collection":[{"href":"https:\/\/radiostudiow.com.br\/site\/wp-json\/wp\/v2\/posts"}],"about":[{"href":"https:\/\/radiostudiow.com.br\/site\/wp-json\/wp\/v2\/types\/post"}],"author":[{"embeddable":true,"href":"https:\/\/radiostudiow.com.br\/site\/wp-json\/wp\/v2\/users\/2"}],"replies":[{"embeddable":true,"href":"https:\/\/radiostudiow.com.br\/site\/wp-json\/wp\/v2\/comments?post=33573"}],"version-history":[{"count":1,"href":"https:\/\/radiostudiow.com.br\/site\/wp-json\/wp\/v2\/posts\/33573\/revisions"}],"predecessor-version":[{"id":33576,"href":"https:\/\/radiostudiow.com.br\/site\/wp-json\/wp\/v2\/posts\/33573\/revisions\/33576"}],"wp:featuredmedia":[{"embeddable":true,"href":"https:\/\/radiostudiow.com.br\/site\/wp-json\/wp\/v2\/media\/33575"}],"wp:attachment":[{"href":"https:\/\/radiostudiow.com.br\/site\/wp-json\/wp\/v2\/media?parent=33573"}],"wp:term":[{"taxonomy":"category","embeddable":true,"href":"https:\/\/radiostudiow.com.br\/site\/wp-json\/wp\/v2\/categories?post=33573"},{"taxonomy":"post_tag","embeddable":true,"href":"https:\/\/radiostudiow.com.br\/site\/wp-json\/wp\/v2\/tags?post=33573"}],"curies":[{"name":"wp","href":"https:\/\/api.w.org\/{rel}","templated":true}]}}