{"id":33579,"date":"2025-02-01T09:53:23","date_gmt":"2025-02-01T12:53:23","guid":{"rendered":"https:\/\/radiostudiow.com.br\/site\/?p=33579"},"modified":"2025-02-01T09:53:23","modified_gmt":"2025-02-01T12:53:23","slug":"ciclista-e-atropelado-por-carro-em-porto-uniao-calcado-da-vitima-foi-parar-no-telhado","status":"publish","type":"post","link":"https:\/\/radiostudiow.com.br\/site\/2025\/02\/01\/ciclista-e-atropelado-por-carro-em-porto-uniao-calcado-da-vitima-foi-parar-no-telhado\/","title":{"rendered":"Ciclista \u00e9 atropelado por carro em Porto uni\u00e3o; cal\u00e7ado da v\u00edtima foi parar no telhado"},"content":{"rendered":"\n<figure class=\"wp-block-image size-full\"><img decoding=\"async\" src=\"https:\/\/radiostudiow.com.br\/site\/wp-content\/uploads\/2024\/01\/SITE-GRANDE.png\" alt=\"\" class=\"wp-image-18949\"\/><\/figure>\n\n\n\n<p><\/p>\n\n\n\n<p style=\"font-size:21px\">Na tarde desta sexta-feira, 31, um ciclista foi atropelado por um ve\u00edculo Fiat P\u00e1lio branco, com placas do Brasil, na Rua Cidad\u00e3o Jos\u00e9 Lona, no bairro Santa Rosa, em Porto Uni\u00e3o, Santa Catarina. O acidente ocorreu por volta das 15h30.<\/p>\n\n\n\n<p style=\"font-size:21px\">De acordo com o Corpo de Bombeiros, a colis\u00e3o foi forte a ponto de um dos cal\u00e7ados da v\u00edtima ser arremessado e parar no telhado de uma resid\u00eancia pr\u00f3xima.<\/p>\n\n\n\n<p style=\"font-size:21px\">Apesar do impacto e dos danos no autom\u00f3vel, o ciclista sofreu apenas ferimentos leves, sem fraturas aparentes. Ele apresentava um corte superficial na face e recebeu atendimento no local antes de ser encaminhado para avalia\u00e7\u00e3o m\u00e9dica.<\/p>\n\n\n\n<p style=\"font-size:21px\">As causas do acidente n\u00e3o foram informadas, e a Pol\u00edcia deve apurar as circunst\u00e2ncias da colis\u00e3o.<\/p>\n\n\n\n<p><\/p>\n\n\n\n<figure class=\"wp-block-image size-full\"><img loading=\"lazy\" decoding=\"async\" width=\"277\" height=\"600\" src=\"https:\/\/radiostudiow.com.br\/site\/wp-content\/uploads\/2025\/02\/01-1.jpeg\" alt=\"\" class=\"wp-image-33581\" srcset=\"https:\/\/radiostudiow.com.br\/site\/wp-content\/uploads\/2025\/02\/01-1.jpeg 277w, https:\/\/radiostudiow.com.br\/site\/wp-content\/uploads\/2025\/02\/01-1-139x300.jpeg 139w\" sizes=\"auto, (max-width: 277px) 100vw, 277px\" \/><\/figure>\n\n\n\n<p><\/p>\n\n\n\n<p>Fonte: VVale<\/p>\n\n\n\n<p><\/p>\n\n\n\n<figure class=\"wp-block-gallery has-nested-images columns-default is-cropped wp-block-gallery-1 is-layout-flex wp-block-gallery-is-layout-flex\">\n<figure class=\"wp-block-image size-large\"><img loading=\"lazy\" decoding=\"async\" width=\"598\" height=\"204\" data-id=\"32815\" src=\"https:\/\/radiostudiow.com.br\/site\/wp-content\/uploads\/2025\/01\/SITE-MEDIO3.png\" alt=\"\" class=\"wp-image-32815\" srcset=\"https:\/\/radiostudiow.com.br\/site\/wp-content\/uploads\/2025\/01\/SITE-MEDIO3.png 598w, https:\/\/radiostudiow.com.br\/site\/wp-content\/uploads\/2025\/01\/SITE-MEDIO3-300x102.png 300w\" sizes=\"auto, (max-width: 598px) 100vw, 598px\" \/><\/figure>\n\n\n\n<figure class=\"wp-block-image size-large\"><img loading=\"lazy\" decoding=\"async\" width=\"598\" height=\"204\" data-id=\"32810\" src=\"https:\/\/radiostudiow.com.br\/site\/wp-content\/uploads\/2025\/01\/SITE-MEDIO.png\" alt=\"\" class=\"wp-image-32810\" srcset=\"https:\/\/radiostudiow.com.br\/site\/wp-content\/uploads\/2025\/01\/SITE-MEDIO.png 598w, https:\/\/radiostudiow.com.br\/site\/wp-content\/uploads\/2025\/01\/SITE-MEDIO-300x102.png 300w\" sizes=\"auto, (max-width: 598px) 100vw, 598px\" \/><\/figure>\n<\/figure>\n","protected":false},"excerpt":{"rendered":"<p>Na tarde desta sexta-feira, 31, um ciclista foi atropelado por um ve\u00edculo Fiat P\u00e1lio branco, com placas do Brasil, na Rua Cidad\u00e3o Jos\u00e9 Lona, no bairro Santa Rosa, em Porto Uni\u00e3o, Santa Catarina. O acidente ocorreu por volta das 15h30. De acordo com o Corpo de Bombeiros, a colis\u00e3o foi forte a ponto de um [&hellip;]<\/p>\n","protected":false},"author":2,"featured_media":0,"comment_status":"open","ping_status":"open","sticky":false,"template":"","format":"standard","meta":{"footnotes":""},"categories":[185],"tags":[172],"class_list":["post-33579","post","type-post","status-publish","format-standard","hentry","category-regional","tag-featured"],"amp_enabled":true,"_links":{"self":[{"href":"https:\/\/radiostudiow.com.br\/site\/wp-json\/wp\/v2\/posts\/33579","targetHints":{"allow":["GET"]}}],"collection":[{"href":"https:\/\/radiostudiow.com.br\/site\/wp-json\/wp\/v2\/posts"}],"about":[{"href":"https:\/\/radiostudiow.com.br\/site\/wp-json\/wp\/v2\/types\/post"}],"author":[{"embeddable":true,"href":"https:\/\/radiostudiow.com.br\/site\/wp-json\/wp\/v2\/users\/2"}],"replies":[{"embeddable":true,"href":"https:\/\/radiostudiow.com.br\/site\/wp-json\/wp\/v2\/comments?post=33579"}],"version-history":[{"count":1,"href":"https:\/\/radiostudiow.com.br\/site\/wp-json\/wp\/v2\/posts\/33579\/revisions"}],"predecessor-version":[{"id":33582,"href":"https:\/\/radiostudiow.com.br\/site\/wp-json\/wp\/v2\/posts\/33579\/revisions\/33582"}],"wp:attachment":[{"href":"https:\/\/radiostudiow.com.br\/site\/wp-json\/wp\/v2\/media?parent=33579"}],"wp:term":[{"taxonomy":"category","embeddable":true,"href":"https:\/\/radiostudiow.com.br\/site\/wp-json\/wp\/v2\/categories?post=33579"},{"taxonomy":"post_tag","embeddable":true,"href":"https:\/\/radiostudiow.com.br\/site\/wp-json\/wp\/v2\/tags?post=33579"}],"curies":[{"name":"wp","href":"https:\/\/api.w.org\/{rel}","templated":true}]}}