{"id":33583,"date":"2025-02-01T10:23:18","date_gmt":"2025-02-01T13:23:18","guid":{"rendered":"https:\/\/radiostudiow.com.br\/site\/?p=33583"},"modified":"2025-02-01T11:42:22","modified_gmt":"2025-02-01T14:42:22","slug":"caso-pamela-rosane-padilha-ganha-liberdade-provisoria-e-utilizara-monitoracao-eletronica","status":"publish","type":"post","link":"https:\/\/radiostudiow.com.br\/site\/2025\/02\/01\/caso-pamela-rosane-padilha-ganha-liberdade-provisoria-e-utilizara-monitoracao-eletronica\/","title":{"rendered":"Caso Pamela: Rosane Padilha ganha liberdade provis\u00f3ria e utilizar\u00e1 monitora\u00e7\u00e3o eletr\u00f4nica"},"content":{"rendered":"\n<figure class=\"wp-block-image size-full\"><img loading=\"lazy\" decoding=\"async\" width=\"897\" height=\"204\" src=\"https:\/\/radiostudiow.com.br\/site\/wp-content\/uploads\/2025\/01\/SITE-GRANDE3.png\" alt=\"\" class=\"wp-image-32900\" srcset=\"https:\/\/radiostudiow.com.br\/site\/wp-content\/uploads\/2025\/01\/SITE-GRANDE3.png 897w, https:\/\/radiostudiow.com.br\/site\/wp-content\/uploads\/2025\/01\/SITE-GRANDE3-300x68.png 300w, https:\/\/radiostudiow.com.br\/site\/wp-content\/uploads\/2025\/01\/SITE-GRANDE3-768x175.png 768w\" sizes=\"auto, (max-width: 897px) 100vw, 897px\" \/><\/figure>\n\n\n\n<p><\/p>\n\n\n\n<p style=\"font-size:21px\">A 2\u00aa Vara Criminal de Uni\u00e3o da Vit\u00f3ria acolheu o pedido da defesa e concedeu liberdade provis\u00f3ria para Rosane Aparecida Padilha, de 35 anos, a namorada do pai adotivo da adolescente Pamela Lins que foi morta em General Carneiro.<\/p>\n\n\n\n<p style=\"font-size:21px\">Rosane foi presa na tarde de quinta-feira (30) pela Pol\u00edcia Civil ap\u00f3s ser pega em flagrante queimando alguns objetos na casa do pai adotivo, no bairro S\u00e3o Miguel. Resid\u00eancia essa onde a adolescente foi morta na noite de domingo.<\/p>\n\n\n\n<p style=\"font-size:21px\">A mulher foi presa neste momento por fraude processual, diante da suspeita de estar destruindo evid\u00eancias do crime. Ela passou por audi\u00eancia de cust\u00f3dia na companhia do Advogado Mateus Daldin, com rela\u00e7\u00e3o a esse crime de fraude, sendo concedida sua liberdade provis\u00f3ria sem pagamento de fian\u00e7a.<\/p>\n\n\n\n<p style=\"font-size:21px\">Rosane tamb\u00e9m \u00e9 investigada por envolvimento mais direto na morte da adolescente. Na decis\u00e3o, o Juiz condicionou medidas cautelares em desfavor da suspeita que far\u00e1 uso de monitora\u00e7\u00e3o eletr\u00f4nica, est\u00e1 proibida de se ausentar da Comarca de Uni\u00e3o da Vit\u00f3ria por mais de oito dias sem autoriza\u00e7\u00e3o e tamb\u00e9m ter\u00e1 que comparecer em todos os atos do processo em que for chamada.<\/p>\n\n\n\n<p>Informa\u00e7\u00f5es: Canal 4 TV<\/p>\n\n\n\n<p><\/p>\n\n\n\n<figure class=\"wp-block-gallery has-nested-images columns-default is-cropped wp-block-gallery-1 is-layout-flex wp-block-gallery-is-layout-flex\">\n<figure class=\"wp-block-image size-large\"><img loading=\"lazy\" decoding=\"async\" width=\"598\" height=\"204\" data-id=\"32844\" src=\"https:\/\/radiostudiow.com.br\/site\/wp-content\/uploads\/2025\/01\/SITE-MEDIO2.png\" alt=\"\" class=\"wp-image-32844\" srcset=\"https:\/\/radiostudiow.com.br\/site\/wp-content\/uploads\/2025\/01\/SITE-MEDIO2.png 598w, https:\/\/radiostudiow.com.br\/site\/wp-content\/uploads\/2025\/01\/SITE-MEDIO2-300x102.png 300w\" sizes=\"auto, (max-width: 598px) 100vw, 598px\" \/><\/figure>\n\n\n\n<figure class=\"wp-block-image size-large\"><img loading=\"lazy\" decoding=\"async\" width=\"598\" height=\"204\" data-id=\"32810\" src=\"https:\/\/radiostudiow.com.br\/site\/wp-content\/uploads\/2025\/01\/SITE-MEDIO.png\" alt=\"\" class=\"wp-image-32810\" srcset=\"https:\/\/radiostudiow.com.br\/site\/wp-content\/uploads\/2025\/01\/SITE-MEDIO.png 598w, https:\/\/radiostudiow.com.br\/site\/wp-content\/uploads\/2025\/01\/SITE-MEDIO-300x102.png 300w\" sizes=\"auto, (max-width: 598px) 100vw, 598px\" \/><\/figure>\n<\/figure>\n\n\n\n<p><\/p>\n\n\n\n<p><\/p>\n","protected":false},"excerpt":{"rendered":"<p>A 2\u00aa Vara Criminal de Uni\u00e3o da Vit\u00f3ria acolheu o pedido da defesa e concedeu liberdade provis\u00f3ria para Rosane Aparecida Padilha, de 35 anos, a namorada do pai adotivo da adolescente Pamela Lins que foi morta em General Carneiro. Rosane foi presa na tarde de quinta-feira (30) pela Pol\u00edcia Civil ap\u00f3s ser pega em flagrante [&hellip;]<\/p>\n","protected":false},"author":2,"featured_media":33587,"comment_status":"open","ping_status":"open","sticky":false,"template":"","format":"standard","meta":{"footnotes":""},"categories":[185],"tags":[172],"class_list":["post-33583","post","type-post","status-publish","format-standard","has-post-thumbnail","hentry","category-regional","tag-featured"],"amp_enabled":true,"_links":{"self":[{"href":"https:\/\/radiostudiow.com.br\/site\/wp-json\/wp\/v2\/posts\/33583","targetHints":{"allow":["GET"]}}],"collection":[{"href":"https:\/\/radiostudiow.com.br\/site\/wp-json\/wp\/v2\/posts"}],"about":[{"href":"https:\/\/radiostudiow.com.br\/site\/wp-json\/wp\/v2\/types\/post"}],"author":[{"embeddable":true,"href":"https:\/\/radiostudiow.com.br\/site\/wp-json\/wp\/v2\/users\/2"}],"replies":[{"embeddable":true,"href":"https:\/\/radiostudiow.com.br\/site\/wp-json\/wp\/v2\/comments?post=33583"}],"version-history":[{"count":2,"href":"https:\/\/radiostudiow.com.br\/site\/wp-json\/wp\/v2\/posts\/33583\/revisions"}],"predecessor-version":[{"id":33592,"href":"https:\/\/radiostudiow.com.br\/site\/wp-json\/wp\/v2\/posts\/33583\/revisions\/33592"}],"wp:featuredmedia":[{"embeddable":true,"href":"https:\/\/radiostudiow.com.br\/site\/wp-json\/wp\/v2\/media\/33587"}],"wp:attachment":[{"href":"https:\/\/radiostudiow.com.br\/site\/wp-json\/wp\/v2\/media?parent=33583"}],"wp:term":[{"taxonomy":"category","embeddable":true,"href":"https:\/\/radiostudiow.com.br\/site\/wp-json\/wp\/v2\/categories?post=33583"},{"taxonomy":"post_tag","embeddable":true,"href":"https:\/\/radiostudiow.com.br\/site\/wp-json\/wp\/v2\/tags?post=33583"}],"curies":[{"name":"wp","href":"https:\/\/api.w.org\/{rel}","templated":true}]}}