{"id":3359,"date":"2021-08-24T11:34:55","date_gmt":"2021-08-24T14:34:55","guid":{"rendered":"https:\/\/radiostudiow.com.br\/site\/?p=3359"},"modified":"2025-01-31T15:12:30","modified_gmt":"2025-01-31T18:12:30","slug":"homem-e-ameacado-em-mallet","status":"publish","type":"post","link":"https:\/\/radiostudiow.com.br\/site\/2021\/08\/24\/homem-e-ameacado-em-mallet\/","title":{"rendered":"Homem \u00e9 amea\u00e7ado em Mallet"},"content":{"rendered":"\n<p>A equipe da Pol\u00edcia Militar de Mallet foram acionados via Siscop \u00e0s 22:45 horas desse domingo, 22 de agosto, ap\u00f3s ocorrer um caso de amea\u00e7a.<\/p>\n\n\n\n<p>No local o solicitante relatou aos policiais que possui um desacordo comercial, referente \u00e0 compra de um trator com um conhecido, o qual estava na companhia de outro homem desconhecido. Os dois foram at\u00e9 a sua resid\u00eancia e come\u00e7aram a lhe amea\u00e7ar com fac\u00e3o.<\/p>\n\n\n\n<p>O autor em determinado momento entrou no p\u00e1tio da resid\u00eancia e quase arrombou a porta, a todo o momento falava que iria matar o solicitante.<\/p>\n\n\n\n<p>A equipe realizou o patrulhamento nas adjac\u00eancias da resid\u00eancia, porem, os suspeitos n\u00e3o foram encontrados.<\/p>\n\n\n\n<p>Diante da situa\u00e7\u00e3o a v\u00edtima foi orientada quanto aos procedimentos.<\/p>\n\n\n\n<figure class=\"wp-block-image size-full\"><img decoding=\"async\" src=\"https:\/\/radiostudiow.com.br\/site\/wp-content\/uploads\/2021\/08\/vem_ai.jpg\" alt=\"\" class=\"wp-image-3354\"\/><\/figure>\n","protected":false},"excerpt":{"rendered":"<p>A equipe da Pol\u00edcia Militar de Mallet foram acionados via Siscop \u00e0s 22:45 horas desse domingo, 22 de agosto, ap\u00f3s ocorrer um caso de amea\u00e7a. No local o solicitante relatou aos policiais que possui um desacordo comercial, referente \u00e0 compra de um trator com um conhecido, o qual estava na companhia de outro homem desconhecido. [&hellip;]<\/p>\n","protected":false},"author":2,"featured_media":1684,"comment_status":"open","ping_status":"open","sticky":false,"template":"","format":"standard","meta":{"footnotes":""},"categories":[2],"tags":[172],"class_list":["post-3359","post","type-post","status-publish","format-standard","has-post-thumbnail","hentry","category-policial","tag-featured"],"amp_enabled":true,"_links":{"self":[{"href":"https:\/\/radiostudiow.com.br\/site\/wp-json\/wp\/v2\/posts\/3359","targetHints":{"allow":["GET"]}}],"collection":[{"href":"https:\/\/radiostudiow.com.br\/site\/wp-json\/wp\/v2\/posts"}],"about":[{"href":"https:\/\/radiostudiow.com.br\/site\/wp-json\/wp\/v2\/types\/post"}],"author":[{"embeddable":true,"href":"https:\/\/radiostudiow.com.br\/site\/wp-json\/wp\/v2\/users\/2"}],"replies":[{"embeddable":true,"href":"https:\/\/radiostudiow.com.br\/site\/wp-json\/wp\/v2\/comments?post=3359"}],"version-history":[{"count":2,"href":"https:\/\/radiostudiow.com.br\/site\/wp-json\/wp\/v2\/posts\/3359\/revisions"}],"predecessor-version":[{"id":3361,"href":"https:\/\/radiostudiow.com.br\/site\/wp-json\/wp\/v2\/posts\/3359\/revisions\/3361"}],"wp:featuredmedia":[{"embeddable":true,"href":"https:\/\/radiostudiow.com.br\/site\/wp-json\/wp\/v2\/media\/1684"}],"wp:attachment":[{"href":"https:\/\/radiostudiow.com.br\/site\/wp-json\/wp\/v2\/media?parent=3359"}],"wp:term":[{"taxonomy":"category","embeddable":true,"href":"https:\/\/radiostudiow.com.br\/site\/wp-json\/wp\/v2\/categories?post=3359"},{"taxonomy":"post_tag","embeddable":true,"href":"https:\/\/radiostudiow.com.br\/site\/wp-json\/wp\/v2\/tags?post=3359"}],"curies":[{"name":"wp","href":"https:\/\/api.w.org\/{rel}","templated":true}]}}