{"id":33595,"date":"2025-02-01T14:15:31","date_gmt":"2025-02-01T17:15:31","guid":{"rendered":"https:\/\/radiostudiow.com.br\/site\/?p=33595"},"modified":"2025-02-01T14:15:31","modified_gmt":"2025-02-01T17:15:31","slug":"homem-e-preso-em-flagrante-por-furto-em-lojas-no-centro-de-sao-mateus-do-sul","status":"publish","type":"post","link":"https:\/\/radiostudiow.com.br\/site\/2025\/02\/01\/homem-e-preso-em-flagrante-por-furto-em-lojas-no-centro-de-sao-mateus-do-sul\/","title":{"rendered":"Homem \u00e9 preso em flagrante por furto em lojas no centro de S\u00e3o Mateus do Sul"},"content":{"rendered":"\n<figure class=\"wp-block-image size-full\"><img loading=\"lazy\" decoding=\"async\" width=\"897\" height=\"204\" src=\"https:\/\/radiostudiow.com.br\/site\/wp-content\/uploads\/2024\/01\/SITE-GRANDE3.png\" alt=\"zaions\" class=\"wp-image-18936\" srcset=\"https:\/\/radiostudiow.com.br\/site\/wp-content\/uploads\/2024\/01\/SITE-GRANDE3.png 897w, https:\/\/radiostudiow.com.br\/site\/wp-content\/uploads\/2024\/01\/SITE-GRANDE3-300x68.png 300w, https:\/\/radiostudiow.com.br\/site\/wp-content\/uploads\/2024\/01\/SITE-GRANDE3-768x175.png 768w\" sizes=\"auto, (max-width: 897px) 100vw, 897px\" \/><\/figure>\n\n\n\n<p><\/p>\n\n\n\n<p style=\"font-size:21px\">Na manh\u00e3 desta sexta-feira (31), por volta das 9h40, um homem foi preso em flagrante ap\u00f3s furtar objetos de pelo menos tr\u00eas lojas no centro de S\u00e3o Mateus do Sul. A a\u00e7\u00e3o foi registrada por c\u00e2meras de seguran\u00e7a, o que permitiu a r\u00e1pida identifica\u00e7\u00e3o do suspeito.<\/p>\n\n\n\n<p style=\"font-size:21px\">De acordo com a Pol\u00edcia Militar, a equipe recebeu a den\u00fancia e se deslocou at\u00e9 o local para coletar informa\u00e7\u00f5es.<\/p>\n\n\n\n<p style=\"font-size:21px\">Nas imagens, foi poss\u00edvel observar o momento em que o indiv\u00edduo colocava os produtos dentro de uma mochila antes de sair dos estabelecimentos.<\/p>\n\n\n\n<p style=\"font-size:21px\">Ap\u00f3s patrulhamento na regi\u00e3o, os policiais seguiram at\u00e9 a resid\u00eancia do suspeito. No caminho, ele foi avistado na via p\u00fablica e abordado. Questionado sobre os fatos, confessou ser ele o autor do crime registrado nas grava\u00e7\u00f5es.<\/p>\n\n\n\n<p style=\"font-size:21px\">A m\u00e3e do suspeito indicou aos policiais onde estava a mochila, na qual foram encontrados os itens furtados: uma camiseta, uma rede de pesca e uma linha de pesca, pertencentes a tr\u00eas lojas diferentes.<\/p>\n\n\n\n<p style=\"font-size:21px\">Diante dos fatos, o homem recebeu voz de pris\u00e3o e foi informado sobre seus direitos. Ele passou por avalia\u00e7\u00e3o m\u00e9dica no Pronto Atendimento e, em seguida, foi encaminhado \u00e0 delegacia para os procedimentos cab\u00edveis.<\/p>\n\n\n\n<p><\/p>\n\n\n\n<figure class=\"wp-block-gallery has-nested-images columns-default is-cropped wp-block-gallery-1 is-layout-flex wp-block-gallery-is-layout-flex\">\n<figure class=\"wp-block-image size-large\"><img loading=\"lazy\" decoding=\"async\" width=\"900\" height=\"205\" data-id=\"20494\" src=\"https:\/\/radiostudiow.com.br\/site\/wp-content\/uploads\/2024\/03\/bannertijolao-e1733625657395.jpg\" alt=\"\" class=\"wp-image-20494\" srcset=\"https:\/\/radiostudiow.com.br\/site\/wp-content\/uploads\/2024\/03\/bannertijolao-e1733625657395.jpg 900w, https:\/\/radiostudiow.com.br\/site\/wp-content\/uploads\/2024\/03\/bannertijolao-e1733625657395-300x68.jpg 300w, https:\/\/radiostudiow.com.br\/site\/wp-content\/uploads\/2024\/03\/bannertijolao-e1733625657395-768x175.jpg 768w\" sizes=\"auto, (max-width: 900px) 100vw, 900px\" \/><\/figure>\n<\/figure>\n","protected":false},"excerpt":{"rendered":"<p>Na manh\u00e3 desta sexta-feira (31), por volta das 9h40, um homem foi preso em flagrante ap\u00f3s furtar objetos de pelo menos tr\u00eas lojas no centro de S\u00e3o Mateus do Sul. A a\u00e7\u00e3o foi registrada por c\u00e2meras de seguran\u00e7a, o que permitiu a r\u00e1pida identifica\u00e7\u00e3o do suspeito. De acordo com a Pol\u00edcia Militar, a equipe recebeu [&hellip;]<\/p>\n","protected":false},"author":2,"featured_media":14798,"comment_status":"open","ping_status":"open","sticky":false,"template":"","format":"standard","meta":{"footnotes":""},"categories":[2,185],"tags":[172],"class_list":["post-33595","post","type-post","status-publish","format-standard","has-post-thumbnail","hentry","category-policial","category-regional","tag-featured"],"amp_enabled":true,"_links":{"self":[{"href":"https:\/\/radiostudiow.com.br\/site\/wp-json\/wp\/v2\/posts\/33595","targetHints":{"allow":["GET"]}}],"collection":[{"href":"https:\/\/radiostudiow.com.br\/site\/wp-json\/wp\/v2\/posts"}],"about":[{"href":"https:\/\/radiostudiow.com.br\/site\/wp-json\/wp\/v2\/types\/post"}],"author":[{"embeddable":true,"href":"https:\/\/radiostudiow.com.br\/site\/wp-json\/wp\/v2\/users\/2"}],"replies":[{"embeddable":true,"href":"https:\/\/radiostudiow.com.br\/site\/wp-json\/wp\/v2\/comments?post=33595"}],"version-history":[{"count":1,"href":"https:\/\/radiostudiow.com.br\/site\/wp-json\/wp\/v2\/posts\/33595\/revisions"}],"predecessor-version":[{"id":33602,"href":"https:\/\/radiostudiow.com.br\/site\/wp-json\/wp\/v2\/posts\/33595\/revisions\/33602"}],"wp:featuredmedia":[{"embeddable":true,"href":"https:\/\/radiostudiow.com.br\/site\/wp-json\/wp\/v2\/media\/14798"}],"wp:attachment":[{"href":"https:\/\/radiostudiow.com.br\/site\/wp-json\/wp\/v2\/media?parent=33595"}],"wp:term":[{"taxonomy":"category","embeddable":true,"href":"https:\/\/radiostudiow.com.br\/site\/wp-json\/wp\/v2\/categories?post=33595"},{"taxonomy":"post_tag","embeddable":true,"href":"https:\/\/radiostudiow.com.br\/site\/wp-json\/wp\/v2\/tags?post=33595"}],"curies":[{"name":"wp","href":"https:\/\/api.w.org\/{rel}","templated":true}]}}