{"id":33596,"date":"2025-02-01T14:19:29","date_gmt":"2025-02-01T17:19:29","guid":{"rendered":"https:\/\/radiostudiow.com.br\/site\/?p=33596"},"modified":"2025-02-01T14:19:30","modified_gmt":"2025-02-01T17:19:30","slug":"policia-investiga-furto-de-madeira-em-propriedade-rural-em-sao-mateus-do-sul","status":"publish","type":"post","link":"https:\/\/radiostudiow.com.br\/site\/2025\/02\/01\/policia-investiga-furto-de-madeira-em-propriedade-rural-em-sao-mateus-do-sul\/","title":{"rendered":"Pol\u00edcia Investiga Furto de Madeira em Propriedade Rural em S\u00e3o Mateus do Sul"},"content":{"rendered":"\n<figure class=\"wp-block-image size-full\"><img decoding=\"async\" src=\"https:\/\/radiostudiow.com.br\/site\/wp-content\/uploads\/2024\/01\/SITE-GRANDE.png\" alt=\"\" class=\"wp-image-18949\"\/><\/figure>\n\n\n\n<p><\/p>\n\n\n\n<p style=\"font-size:21px\">\u00c0s 14h40, uma equipe da pol\u00edcia foi acionada para averiguar den\u00fancias de furto de madeira em uma estrada localizada na regi\u00e3o do Lajeado, no interior do munic\u00edpio de S\u00e3o Mateus do Sul.<\/p>\n\n\n\n<p style=\"font-size:21px\">Segundo relatos, o administrador da propriedade, que n\u00e3o detinha autoriza\u00e7\u00e3o para extra\u00e7\u00e3o no local, foi informado por moradores da \u00e1rea sobre a extra\u00e7\u00e3o irregular de madeira.<\/p>\n\n\n\n<p style=\"font-size:21px\">Durante a inspe\u00e7\u00e3o, os agentes constataram que aproximadamente um hectare de planta\u00e7\u00e3o de pinus havia sido extra\u00eddo ilegalmente. Estima-se que o preju\u00edzo total causado pelo furto alcance cerca de R$60 mil, dos quais metade j\u00e1 havia sido transportada para outro destino, indicando a continuidade do esquema criminoso.<\/p>\n\n\n\n<p style=\"font-size:21px\">No local dos fatos, dois tratores utilizados na atividade il\u00edcita foram encontrados abandonados, impossibilitando seu transporte imediato. <\/p>\n\n\n\n<p style=\"font-size:21px\">Os investigadores ainda n\u00e3o conseguiram identificar quaisquer registros, como n\u00famero de chassi ou outro dado, dos equipamentos, dificultando a rastreabilidade dos ve\u00edculos e, consequentemente, dos respons\u00e1veis pela a\u00e7\u00e3o.<\/p>\n\n\n\n<p style=\"font-size:21px\">A v\u00edtima foi encaminhada \u00e0 delegacia para prestar esclarecimentos e contribuir com as investiga\u00e7\u00f5es. As autoridades continuam trabalhando na apura\u00e7\u00e3o dos fatos, buscando identificar e prender os envolvidos no furto.<\/p>\n\n\n\n<p><\/p>\n\n\n\n<figure class=\"wp-block-image size-full\"><img loading=\"lazy\" decoding=\"async\" width=\"897\" height=\"204\" src=\"https:\/\/radiostudiow.com.br\/site\/wp-content\/uploads\/2025\/01\/SITE-GRANDE3.png\" alt=\"\" class=\"wp-image-32900\" srcset=\"https:\/\/radiostudiow.com.br\/site\/wp-content\/uploads\/2025\/01\/SITE-GRANDE3.png 897w, https:\/\/radiostudiow.com.br\/site\/wp-content\/uploads\/2025\/01\/SITE-GRANDE3-300x68.png 300w, https:\/\/radiostudiow.com.br\/site\/wp-content\/uploads\/2025\/01\/SITE-GRANDE3-768x175.png 768w\" sizes=\"auto, (max-width: 897px) 100vw, 897px\" \/><\/figure>\n","protected":false},"excerpt":{"rendered":"<p>\u00c0s 14h40, uma equipe da pol\u00edcia foi acionada para averiguar den\u00fancias de furto de madeira em uma estrada localizada na regi\u00e3o do Lajeado, no interior do munic\u00edpio de S\u00e3o Mateus do Sul. Segundo relatos, o administrador da propriedade, que n\u00e3o detinha autoriza\u00e7\u00e3o para extra\u00e7\u00e3o no local, foi informado por moradores da \u00e1rea sobre a extra\u00e7\u00e3o [&hellip;]<\/p>\n","protected":false},"author":2,"featured_media":32793,"comment_status":"open","ping_status":"open","sticky":false,"template":"","format":"standard","meta":{"footnotes":""},"categories":[2,185],"tags":[172],"class_list":["post-33596","post","type-post","status-publish","format-standard","has-post-thumbnail","hentry","category-policial","category-regional","tag-featured"],"amp_enabled":true,"_links":{"self":[{"href":"https:\/\/radiostudiow.com.br\/site\/wp-json\/wp\/v2\/posts\/33596","targetHints":{"allow":["GET"]}}],"collection":[{"href":"https:\/\/radiostudiow.com.br\/site\/wp-json\/wp\/v2\/posts"}],"about":[{"href":"https:\/\/radiostudiow.com.br\/site\/wp-json\/wp\/v2\/types\/post"}],"author":[{"embeddable":true,"href":"https:\/\/radiostudiow.com.br\/site\/wp-json\/wp\/v2\/users\/2"}],"replies":[{"embeddable":true,"href":"https:\/\/radiostudiow.com.br\/site\/wp-json\/wp\/v2\/comments?post=33596"}],"version-history":[{"count":1,"href":"https:\/\/radiostudiow.com.br\/site\/wp-json\/wp\/v2\/posts\/33596\/revisions"}],"predecessor-version":[{"id":33603,"href":"https:\/\/radiostudiow.com.br\/site\/wp-json\/wp\/v2\/posts\/33596\/revisions\/33603"}],"wp:featuredmedia":[{"embeddable":true,"href":"https:\/\/radiostudiow.com.br\/site\/wp-json\/wp\/v2\/media\/32793"}],"wp:attachment":[{"href":"https:\/\/radiostudiow.com.br\/site\/wp-json\/wp\/v2\/media?parent=33596"}],"wp:term":[{"taxonomy":"category","embeddable":true,"href":"https:\/\/radiostudiow.com.br\/site\/wp-json\/wp\/v2\/categories?post=33596"},{"taxonomy":"post_tag","embeddable":true,"href":"https:\/\/radiostudiow.com.br\/site\/wp-json\/wp\/v2\/tags?post=33596"}],"curies":[{"name":"wp","href":"https:\/\/api.w.org\/{rel}","templated":true}]}}