{"id":33617,"date":"2025-02-03T10:24:41","date_gmt":"2025-02-03T13:24:41","guid":{"rendered":"https:\/\/radiostudiow.com.br\/site\/?p=33617"},"modified":"2025-02-03T10:24:42","modified_gmt":"2025-02-03T13:24:42","slug":"bicicleta-e-furtado-enquanto-vitima-trabalhava-em-uniao-da-vitoria","status":"publish","type":"post","link":"https:\/\/radiostudiow.com.br\/site\/2025\/02\/03\/bicicleta-e-furtado-enquanto-vitima-trabalhava-em-uniao-da-vitoria\/","title":{"rendered":"Bicicleta \u00e9 furtado enquanto v\u00edtima trabalhava em Uni\u00e3o da Vit\u00f3ria"},"content":{"rendered":"\n<p>A equipe da Pol\u00edcia Militar de Uni\u00e3o da Vit\u00f3ria foi acionada para atender uma ocorr\u00eancia de furto de uma bicicleta no bairro Cidade Jardim por volta das 09:23 horas desse s\u00e1bado (10).<\/p>\n\n\n\n<figure class=\"wp-block-image size-full\"><img loading=\"lazy\" decoding=\"async\" width=\"598\" height=\"204\" src=\"https:\/\/radiostudiow.com.br\/site\/wp-content\/uploads\/2025\/01\/SITE-MEDIO3.png\" alt=\"\" class=\"wp-image-32815\" srcset=\"https:\/\/radiostudiow.com.br\/site\/wp-content\/uploads\/2025\/01\/SITE-MEDIO3.png 598w, https:\/\/radiostudiow.com.br\/site\/wp-content\/uploads\/2025\/01\/SITE-MEDIO3-300x102.png 300w\" sizes=\"auto, (max-width: 598px) 100vw, 598px\" \/><\/figure>\n\n\n\n<p>No local o solicitante informou aos pol\u00edcias que estava trabalhando e deixou sua bicicleta sem cadeado pr\u00f3ximo a empresa que trabalha e quando percebeu um homem estaria levando sua bicicleta, uma Monarc na cor preta.<\/p>\n\n\n\n<p><em><strong>O suspeito n\u00e3o identificado, estava com camiseta colorida, cal\u00e7a preta, bon\u00e9, era moreno e baixo.<\/strong><\/em><\/p>\n\n\n\n<p>A equipe realizou patrulhamento nas imedia\u00e7\u00f5es a fim de encontrar o suspeito, por\u00e9m, n\u00e3o obteve \u00eaxito nas buscas. Diante dos fatos o solicitante foi orientado sobre os procedimentos cab\u00edveis.<\/p>\n","protected":false},"excerpt":{"rendered":"<p>A equipe da Pol\u00edcia Militar de Uni\u00e3o da Vit\u00f3ria foi acionada para atender uma ocorr\u00eancia de furto de uma bicicleta no bairro Cidade Jardim por volta das 09:23 horas desse s\u00e1bado (10). No local o solicitante informou aos pol\u00edcias que estava trabalhando e deixou sua bicicleta sem cadeado pr\u00f3ximo a empresa que trabalha e quando [&hellip;]<\/p>\n","protected":false},"author":2,"featured_media":32823,"comment_status":"open","ping_status":"open","sticky":false,"template":"","format":"standard","meta":{"footnotes":""},"categories":[2],"tags":[172],"class_list":["post-33617","post","type-post","status-publish","format-standard","has-post-thumbnail","hentry","category-policial","tag-featured"],"amp_enabled":true,"_links":{"self":[{"href":"https:\/\/radiostudiow.com.br\/site\/wp-json\/wp\/v2\/posts\/33617","targetHints":{"allow":["GET"]}}],"collection":[{"href":"https:\/\/radiostudiow.com.br\/site\/wp-json\/wp\/v2\/posts"}],"about":[{"href":"https:\/\/radiostudiow.com.br\/site\/wp-json\/wp\/v2\/types\/post"}],"author":[{"embeddable":true,"href":"https:\/\/radiostudiow.com.br\/site\/wp-json\/wp\/v2\/users\/2"}],"replies":[{"embeddable":true,"href":"https:\/\/radiostudiow.com.br\/site\/wp-json\/wp\/v2\/comments?post=33617"}],"version-history":[{"count":1,"href":"https:\/\/radiostudiow.com.br\/site\/wp-json\/wp\/v2\/posts\/33617\/revisions"}],"predecessor-version":[{"id":33618,"href":"https:\/\/radiostudiow.com.br\/site\/wp-json\/wp\/v2\/posts\/33617\/revisions\/33618"}],"wp:featuredmedia":[{"embeddable":true,"href":"https:\/\/radiostudiow.com.br\/site\/wp-json\/wp\/v2\/media\/32823"}],"wp:attachment":[{"href":"https:\/\/radiostudiow.com.br\/site\/wp-json\/wp\/v2\/media?parent=33617"}],"wp:term":[{"taxonomy":"category","embeddable":true,"href":"https:\/\/radiostudiow.com.br\/site\/wp-json\/wp\/v2\/categories?post=33617"},{"taxonomy":"post_tag","embeddable":true,"href":"https:\/\/radiostudiow.com.br\/site\/wp-json\/wp\/v2\/tags?post=33617"}],"curies":[{"name":"wp","href":"https:\/\/api.w.org\/{rel}","templated":true}]}}