{"id":3362,"date":"2021-08-24T15:19:12","date_gmt":"2021-08-24T18:19:12","guid":{"rendered":"https:\/\/radiostudiow.com.br\/site\/?p=3362"},"modified":"2025-01-31T15:12:30","modified_gmt":"2025-01-31T18:12:30","slug":"malletense-e-encontrado-enforcado-em-arvore","status":"publish","type":"post","link":"https:\/\/radiostudiow.com.br\/site\/2021\/08\/24\/malletense-e-encontrado-enforcado-em-arvore\/","title":{"rendered":"Corpo de homem \u00e9 encontrado pendurado em \u00e1rvore em Mallet"},"content":{"rendered":"\n<p>Um homem \u00e9 encontrado morto por enforcamento nesta segunda-feira, 23 de agosto, em uma resid\u00eancia no bairro Bela Vista na cidade de Mallet.<\/p>\n\n\n\n<p>A equipe da Pol\u00edcia Militar foi acionada via Copom para se deslocar ao local, aonde foi recebida pelo solicitante que informou a que estava jogando v\u00f4lei, quando a bola caiu na resid\u00eancia da v\u00edtima. Momento que ele olhou por cima do muro, visualizou o homem pendurado na \u00e1rvore.<\/p>\n\n\n\n<p>Os policiais ent\u00e3o entraram na resid\u00eancia e na parte dos fundos do referido im\u00f3vel onde o solicitando relatou ter visto o homem. Me imediato a PM encontrou a v\u00edtima amarrada pelo pesco\u00e7o com um fio de luz em uma \u00e1rvore.<\/p>\n\n\n\n<p>A equipe do Corpo de Bombeiros Civis de Mallet foi acionada e constatou o \u00f3bito da v\u00edtima que at\u00e9 o momento n\u00e3o foi revelado a identidade.<\/p>\n\n\n\n<figure class=\"wp-block-image size-large\"><img decoding=\"async\" src=\"https:\/\/radiostudiow.com.br\/site\/wp-content\/uploads\/2021\/08\/IMOB-SUL2-1024x794.jpg\" alt=\"\" class=\"wp-image-3363\"\/><\/figure>\n","protected":false},"excerpt":{"rendered":"<p>Um homem \u00e9 encontrado morto por enforcamento nesta segunda-feira, 23 de agosto, em uma resid\u00eancia no bairro Bela Vista na cidade de Mallet. A equipe da Pol\u00edcia Militar foi acionada via Copom para se deslocar ao local, aonde foi recebida pelo solicitante que informou a que estava jogando v\u00f4lei, quando a bola caiu na resid\u00eancia [&hellip;]<\/p>\n","protected":false},"author":2,"featured_media":3145,"comment_status":"open","ping_status":"open","sticky":false,"template":"","format":"standard","meta":{"footnotes":""},"categories":[2],"tags":[172],"class_list":["post-3362","post","type-post","status-publish","format-standard","has-post-thumbnail","hentry","category-policial","tag-featured"],"amp_enabled":true,"_links":{"self":[{"href":"https:\/\/radiostudiow.com.br\/site\/wp-json\/wp\/v2\/posts\/3362","targetHints":{"allow":["GET"]}}],"collection":[{"href":"https:\/\/radiostudiow.com.br\/site\/wp-json\/wp\/v2\/posts"}],"about":[{"href":"https:\/\/radiostudiow.com.br\/site\/wp-json\/wp\/v2\/types\/post"}],"author":[{"embeddable":true,"href":"https:\/\/radiostudiow.com.br\/site\/wp-json\/wp\/v2\/users\/2"}],"replies":[{"embeddable":true,"href":"https:\/\/radiostudiow.com.br\/site\/wp-json\/wp\/v2\/comments?post=3362"}],"version-history":[{"count":3,"href":"https:\/\/radiostudiow.com.br\/site\/wp-json\/wp\/v2\/posts\/3362\/revisions"}],"predecessor-version":[{"id":3367,"href":"https:\/\/radiostudiow.com.br\/site\/wp-json\/wp\/v2\/posts\/3362\/revisions\/3367"}],"wp:featuredmedia":[{"embeddable":true,"href":"https:\/\/radiostudiow.com.br\/site\/wp-json\/wp\/v2\/media\/3145"}],"wp:attachment":[{"href":"https:\/\/radiostudiow.com.br\/site\/wp-json\/wp\/v2\/media?parent=3362"}],"wp:term":[{"taxonomy":"category","embeddable":true,"href":"https:\/\/radiostudiow.com.br\/site\/wp-json\/wp\/v2\/categories?post=3362"},{"taxonomy":"post_tag","embeddable":true,"href":"https:\/\/radiostudiow.com.br\/site\/wp-json\/wp\/v2\/tags?post=3362"}],"curies":[{"name":"wp","href":"https:\/\/api.w.org\/{rel}","templated":true}]}}