{"id":33620,"date":"2025-02-03T11:01:35","date_gmt":"2025-02-03T14:01:35","guid":{"rendered":"https:\/\/radiostudiow.com.br\/site\/?p=33620"},"modified":"2025-02-03T11:01:36","modified_gmt":"2025-02-03T14:01:36","slug":"homem-e-agredido-e-baleado-enquanto-transitava-pela-area-central-de-uniao-da-vitoria","status":"publish","type":"post","link":"https:\/\/radiostudiow.com.br\/site\/2025\/02\/03\/homem-e-agredido-e-baleado-enquanto-transitava-pela-area-central-de-uniao-da-vitoria\/","title":{"rendered":"Homem \u00e9 agredido e baleado enquanto transitava pela \u00e1rea central de Uni\u00e3o da Vit\u00f3ria"},"content":{"rendered":"\n<p>A Unidade de Pronto Atendimento (UPA), informou que havia dado entrada um paciente v\u00edtima de agress\u00e3o e disparo de arma de fogo por volta das 20:12 horas desse s\u00e1bado, 01\u00b0 de fevereiro.<\/p>\n\n\n\n<p>No local, a equipe policial fez contato com a v\u00edtima, o qual passou a relatar que transitava pela Avenida Marechal Deodoro da Fonseca, nas proximidades do Miguel Forte, quando foi surpreendido e abordado por dois indiv\u00edduos.<\/p>\n\n\n\n<figure class=\"wp-block-image size-full\"><img loading=\"lazy\" decoding=\"async\" width=\"900\" height=\"408\" src=\"https:\/\/radiostudiow.com.br\/site\/wp-content\/uploads\/2025\/01\/SITE-E-TV.png\" alt=\"\" class=\"wp-image-33052\" srcset=\"https:\/\/radiostudiow.com.br\/site\/wp-content\/uploads\/2025\/01\/SITE-E-TV.png 900w, https:\/\/radiostudiow.com.br\/site\/wp-content\/uploads\/2025\/01\/SITE-E-TV-300x136.png 300w, https:\/\/radiostudiow.com.br\/site\/wp-content\/uploads\/2025\/01\/SITE-E-TV-768x348.png 768w\" sizes=\"auto, (max-width: 900px) 100vw, 900px\" \/><\/figure>\n\n\n\n<p>Os agressores come\u00e7aram a lhe desferir golpes, atingindo principalmente a regi\u00e3o da face. Durante a agress\u00e3o, um dos autores sacou uma arma de fogo e efetuou um disparo, atingindo a v\u00edtima no antebra\u00e7o direito.<\/p>\n\n\n\n<p>A v\u00edtima informou ainda que n\u00e3o foi poss\u00edvel identificar nenhum dos autores. Ap\u00f3s o ataque, os agressores se evadiram do local.<\/p>\n\n\n\n<p>Diante dos fatos, a v\u00edtima foi orientada sobre os procedimentos cab\u00edveis.<\/p>\n","protected":false},"excerpt":{"rendered":"<p>A Unidade de Pronto Atendimento (UPA), informou que havia dado entrada um paciente v\u00edtima de agress\u00e3o e disparo de arma de fogo por volta das 20:12 horas desse s\u00e1bado, 01\u00b0 de fevereiro. No local, a equipe policial fez contato com a v\u00edtima, o qual passou a relatar que transitava pela Avenida Marechal Deodoro da Fonseca, [&hellip;]<\/p>\n","protected":false},"author":2,"featured_media":20850,"comment_status":"open","ping_status":"open","sticky":false,"template":"","format":"standard","meta":{"footnotes":""},"categories":[2],"tags":[172],"class_list":["post-33620","post","type-post","status-publish","format-standard","has-post-thumbnail","hentry","category-policial","tag-featured"],"amp_enabled":true,"_links":{"self":[{"href":"https:\/\/radiostudiow.com.br\/site\/wp-json\/wp\/v2\/posts\/33620","targetHints":{"allow":["GET"]}}],"collection":[{"href":"https:\/\/radiostudiow.com.br\/site\/wp-json\/wp\/v2\/posts"}],"about":[{"href":"https:\/\/radiostudiow.com.br\/site\/wp-json\/wp\/v2\/types\/post"}],"author":[{"embeddable":true,"href":"https:\/\/radiostudiow.com.br\/site\/wp-json\/wp\/v2\/users\/2"}],"replies":[{"embeddable":true,"href":"https:\/\/radiostudiow.com.br\/site\/wp-json\/wp\/v2\/comments?post=33620"}],"version-history":[{"count":1,"href":"https:\/\/radiostudiow.com.br\/site\/wp-json\/wp\/v2\/posts\/33620\/revisions"}],"predecessor-version":[{"id":33621,"href":"https:\/\/radiostudiow.com.br\/site\/wp-json\/wp\/v2\/posts\/33620\/revisions\/33621"}],"wp:featuredmedia":[{"embeddable":true,"href":"https:\/\/radiostudiow.com.br\/site\/wp-json\/wp\/v2\/media\/20850"}],"wp:attachment":[{"href":"https:\/\/radiostudiow.com.br\/site\/wp-json\/wp\/v2\/media?parent=33620"}],"wp:term":[{"taxonomy":"category","embeddable":true,"href":"https:\/\/radiostudiow.com.br\/site\/wp-json\/wp\/v2\/categories?post=33620"},{"taxonomy":"post_tag","embeddable":true,"href":"https:\/\/radiostudiow.com.br\/site\/wp-json\/wp\/v2\/tags?post=33620"}],"curies":[{"name":"wp","href":"https:\/\/api.w.org\/{rel}","templated":true}]}}