{"id":33626,"date":"2025-02-03T11:30:25","date_gmt":"2025-02-03T14:30:25","guid":{"rendered":"https:\/\/radiostudiow.com.br\/site\/?p=33626"},"modified":"2025-02-03T11:30:25","modified_gmt":"2025-02-03T14:30:25","slug":"dois-homens-sao-esfaqueados-apos-discussao-durante-baile-em-bituruna","status":"publish","type":"post","link":"https:\/\/radiostudiow.com.br\/site\/2025\/02\/03\/dois-homens-sao-esfaqueados-apos-discussao-durante-baile-em-bituruna\/","title":{"rendered":"Dois homens s\u00e3o esfaqueados ap\u00f3s discuss\u00e3o durante baile em Bituruna"},"content":{"rendered":"\n<p>A equipe policial foi acionada para comparecer ao\u00a0 hospital de Bituruna, onde dois homens haviam dado entrada com ferimentos causados por golpes de faca por volta das 03:59 horas deste domingo (02).<\/p>\n\n\n\n<figure class=\"wp-block-image size-full\"><img loading=\"lazy\" decoding=\"async\" width=\"897\" height=\"204\" src=\"https:\/\/radiostudiow.com.br\/site\/wp-content\/uploads\/2025\/01\/SITE-GRANDE5.png\" alt=\"\" class=\"wp-image-32814\" srcset=\"https:\/\/radiostudiow.com.br\/site\/wp-content\/uploads\/2025\/01\/SITE-GRANDE5.png 897w, https:\/\/radiostudiow.com.br\/site\/wp-content\/uploads\/2025\/01\/SITE-GRANDE5-300x68.png 300w, https:\/\/radiostudiow.com.br\/site\/wp-content\/uploads\/2025\/01\/SITE-GRANDE5-768x175.png 768w\" sizes=\"auto, (max-width: 897px) 100vw, 897px\" \/><\/figure>\n\n\n\n<p>Em conversa com as v\u00edtimas, elas relataram que estavam em um baile no clube quando o incidente ocorreu.\u00a0Segundo o relato, os dois sa\u00edram para a \u00e1rea externa do clube acompanhados por uma mulher. Em determinado momento, um indiv\u00edduo esbarrou na n\u00e1dega de um deles, o que gerou uma discuss\u00e3o. As v\u00edtimas, ent\u00e3o, passaram a agredir o suspeito, que deixou o local momentaneamente.<\/p>\n\n\n\n<figure class=\"wp-block-image size-full\"><img loading=\"lazy\" decoding=\"async\" width=\"900\" height=\"408\" src=\"https:\/\/radiostudiow.com.br\/site\/wp-content\/uploads\/2025\/01\/SITE-E-TV.png\" alt=\"\" class=\"wp-image-33052\" srcset=\"https:\/\/radiostudiow.com.br\/site\/wp-content\/uploads\/2025\/01\/SITE-E-TV.png 900w, https:\/\/radiostudiow.com.br\/site\/wp-content\/uploads\/2025\/01\/SITE-E-TV-300x136.png 300w, https:\/\/radiostudiow.com.br\/site\/wp-content\/uploads\/2025\/01\/SITE-E-TV-768x348.png 768w\" sizes=\"auto, (max-width: 900px) 100vw, 900px\" \/><\/figure>\n\n\n\n<p>Pouco depois, o suspeito retornou armado com uma faca e desferiu golpes contra os dois homens antes de fugir em dire\u00e7\u00e3o desconhecida.\u00a0Apesar de conhecerem o autor do ataque, as v\u00edtimas n\u00e3o souberam fornecer maiores informa\u00e7\u00f5es sobre sua identidade.<\/p>\n\n\n\n<p>Diante dos fatos, a equipe policial realizou buscas nas imedia\u00e7\u00f5es do clube, mas n\u00e3o conseguiu localizar o suspeito. As v\u00edtimas foram orientadas sobre os procedimentos para futura representa\u00e7\u00e3o legal contra o agressor. O caso segue sob investiga\u00e7\u00e3o.<\/p>\n","protected":false},"excerpt":{"rendered":"<p>A equipe policial foi acionada para comparecer ao\u00a0 hospital de Bituruna, onde dois homens haviam dado entrada com ferimentos causados por golpes de faca por volta das 03:59 horas deste domingo (02). Em conversa com as v\u00edtimas, elas relataram que estavam em um baile no clube quando o incidente ocorreu.\u00a0Segundo o relato, os dois sa\u00edram [&hellip;]<\/p>\n","protected":false},"author":2,"featured_media":21681,"comment_status":"open","ping_status":"open","sticky":false,"template":"","format":"standard","meta":{"footnotes":""},"categories":[2],"tags":[172],"class_list":["post-33626","post","type-post","status-publish","format-standard","has-post-thumbnail","hentry","category-policial","tag-featured"],"amp_enabled":true,"_links":{"self":[{"href":"https:\/\/radiostudiow.com.br\/site\/wp-json\/wp\/v2\/posts\/33626","targetHints":{"allow":["GET"]}}],"collection":[{"href":"https:\/\/radiostudiow.com.br\/site\/wp-json\/wp\/v2\/posts"}],"about":[{"href":"https:\/\/radiostudiow.com.br\/site\/wp-json\/wp\/v2\/types\/post"}],"author":[{"embeddable":true,"href":"https:\/\/radiostudiow.com.br\/site\/wp-json\/wp\/v2\/users\/2"}],"replies":[{"embeddable":true,"href":"https:\/\/radiostudiow.com.br\/site\/wp-json\/wp\/v2\/comments?post=33626"}],"version-history":[{"count":1,"href":"https:\/\/radiostudiow.com.br\/site\/wp-json\/wp\/v2\/posts\/33626\/revisions"}],"predecessor-version":[{"id":33627,"href":"https:\/\/radiostudiow.com.br\/site\/wp-json\/wp\/v2\/posts\/33626\/revisions\/33627"}],"wp:featuredmedia":[{"embeddable":true,"href":"https:\/\/radiostudiow.com.br\/site\/wp-json\/wp\/v2\/media\/21681"}],"wp:attachment":[{"href":"https:\/\/radiostudiow.com.br\/site\/wp-json\/wp\/v2\/media?parent=33626"}],"wp:term":[{"taxonomy":"category","embeddable":true,"href":"https:\/\/radiostudiow.com.br\/site\/wp-json\/wp\/v2\/categories?post=33626"},{"taxonomy":"post_tag","embeddable":true,"href":"https:\/\/radiostudiow.com.br\/site\/wp-json\/wp\/v2\/tags?post=33626"}],"curies":[{"name":"wp","href":"https:\/\/api.w.org\/{rel}","templated":true}]}}